{"_embedded":{"projetos":[{"PRONAC":"192396","nome":"Plano Anual de Atividades Culturais 2020 - Funda\u00e7\u00e3o Iber\u00ea Camargo","providencia":"Presta\u00e7\u00e3o de Contas Aprovada, conforme Portaria n\u00b0 522 de 08 de setembro de 2022, publicada no DOU em 09\/09\/2022.","cgccpf":"01204099000106","situacao":"Presta\u00e7\u00e3o de Contas Aprovada","acessibilidade":"A Fundac\u0327a\u0303o Ibere\u0302 Camargo, em sua sede, atende aos art.23 e art.27 da Lei de Acessibilidade (Decreto-lei 5296, leis 10.048 e 10.098), e em conson\u00e2ncia com o prescrito nos artigos 41 e 42 da Lei 13.146\/2015, disponibilizando aos portadores de necessidades especiais e idosos: rampas de acesso aos pavimentos expositivos e de servic\u0327os (audito\u0301rio, cafe\u0301, atelie\u0302, loja), elevadores com sinalizac\u0327a\u0303o em braile para acesso a estacionamento, espac\u0327os expositivos, audito\u0301rio, cafe\u0301, atelie\u0302, loja; sanita\u0301rios adaptados em todos os andares, ale\u0301m de cadeiras de rodas (duas) a\u0300 disposic\u0327a\u0303o do pu\u0301blico que requisitar seu uso. Em atendimento ao Art. 18 da IN n\u00ba 02\/2019 do Minist\u00e9rio da Cidadania, ser\u00e3o realizadas, mediante agendamento pr\u00e9vio, visitas mediadas com int\u00e9rprete de libras para pessoas com defici\u00eancia auditiva, para todas as atividades previstas no projeto. Haver\u00e1, ainda, material t\u00e1til para as pessoas com defici\u00eancia visual.","objetivos":"O objetivo maior e geral da Funda\u00e7\u00e3o Iber\u00ea Camargo \u00e9 se firmar como um centro de reverbera\u00e7\u00e3o art\u00edstica dedicado \u00e0 obra de Iber\u00ea Camargo e \u00e0 reflex\u00e3o sobre arte moderna e contempor\u00e2nea, em suas mais diversas formas, com abertura a outras linguagens. Com essa finalidade, elabora uma programa\u00e7\u00e3o transdisciplinar que tem como ponto de partida a vida e a obra de Iber\u00ea Camargo. A Funda\u00e7\u00e3o promove a obra de Iber\u00ea no Brasil e no mundo: em sua sede, refer\u00eancia arquitet\u00f4nica e cultural de Porto Alegre, mant\u00e9m e exp\u00f5e o maior acervo de Iber\u00ea Camargo do Pa\u00eds, realiza mostras de artistas locais, nacionais e internacionais ligados \u00e0 arte moderna e contempor\u00e2nea, promove atividades interdisciplinares que estimulam o contato do p\u00fablico com m\u00faltiplas express\u00f5es art\u00edsticas. Por meio de um amplo programa educativo, a Funda\u00e7\u00e3o realiza a\u00e7\u00f5es interativas que buscam desenvolver o senso cr\u00edtico e inspirar pessoas de todas as idades. Busca ampliar as possibilidades de uso da estrutura existente atrav\u00e9s de programa\u00e7\u00e3o cultural de multilinguagens como ciclos de cinema, apresenta\u00e7\u00f5es musicais, programas de performance, workshops, cursos, semin\u00e1rios, atrav\u00e9s de parcerias com outras organiza\u00e7\u00f5es, mantendo o selo de qualidade dos produtos culturais e da programa\u00e7\u00e3o oferecida pela Funda\u00e7\u00e3o Iber\u00ea Camargo, atentando para que seu alcance seja cada vez mais amplo e democr\u00e1tico. E ainda: dentro do escopo das atividades rotineiramente desenvolvidas pela Funda\u00e7\u00e3o, objetivamos o aprimoramento do seu projeto de Comunica\u00e7\u00e3o, como o intuito de ampliar o atingimento do p\u00fablico visitante.f Alinhado a este escopo geral, o Plano Anual de Atividades Culturais 2020 desdobra-se nos seguintes objetivos espec\u00edficos, desenvolvidos na sede da Funda\u00e7\u00e3o Iber\u00ea Camargo e em outras institui\u00e7\u00f5es e espa\u00e7os p\u00fablicos da cidade: 1. Realizar 04 (quatro) exposi\u00e7\u00f5es de pequeno porte, s\u00e9rie DI\u00c1LOGO COM IBER\u00ca, a partir de um recorte conceitual apresentado por um curador convidado (produto Exposi\u00e7\u00f5es de Artes); 2. Realizar 02 (duas) exposi\u00e7\u00f5es de m\u00e9dio porte considerando eventuais parcerias envolvendo montagens\/remontagens itinerantes de artistas\/cole\u00e7\u00f5es de renome nacional e internacional (produto Exposi\u00e7\u00f5es de Artes); 3. Realizar 01 (uma) grande exposi\u00e7\u00e3o de abrang\u00eancia internacional em regime de coparceira institucional (produto Exposi\u00e7\u00f5es de Artes); 4. Realizar o Programa de Media\u00e7\u00e3o com escolas, universidades e visitantes; 5. Realizar 04 (quatro) editais de ocupa\u00e7\u00e3o (sendo um edital a cada trimestre) considerando uma proposta de resid\u00eancia art\u00edstica com a apresenta\u00e7\u00e3o de um conjunto ou uma instala\u00e7\u00e3o propositiva selecionada por um curador convidado (produto Curso-Oficina-Est\u00e1gio); 6. Realiza\u00e7\u00e3o 06 (seis) ateliers de gravura (sendo um atelier a cada bimestre), considerando a sele\u00e7\u00e3o de um artista de renome nacional e\/ou internacional por um conselho curador. Este programa prev\u00ea o processo de cria\u00e7\u00e3o, concep\u00e7\u00e3o, al\u00e9m da produ\u00e7\u00e3o das gravuras desenvolvidas, dentre as mais variadas t\u00e9cnicas, no atelier existente na Funda\u00e7\u00e3o. Executar as tiragens de gravuras desenvolvidas no Ateli\u00ea de Gravura (produto oficina-workshop-semin\u00e1rio audiovisual); 7. Ofertar 02 (duas) bolsas IBER\u00ca CAMARGO (uma a cada semestre) voltada para jovens artistas. Este projeto prop\u00f5e um processo de pesquisa e investiga\u00e7\u00e3o no acervo que re\u00fane a obra de Iber\u00ea Camargo durante 30 dias (produto Bolsa); 8. Promover a continuidade dos programas CIN\u00ca IBER\u00ca que promove a exibi\u00e7\u00e3o de filmes no audit\u00f3rio da Funda\u00e7\u00e3o Iber\u00ea Camargo, em programa\u00e7\u00e3o paralela aos projetos expositivos. T\u00edtulo raros, sem distribui\u00e7\u00e3o no circuito comercial, cinematografias regionais e tem\u00e1ticas s\u00e3o selecionadas a partir dos conte\u00fados abordados nas mostras de arte, com proje\u00e7\u00f5es seguidas de sess\u00f5es comentadas por convidados variados, do cinema e de outras \u00e1reas. S\u00e3o tr\u00eas sess\u00f5es mensais, sempre aos domingos (produto Festival\/Mostra audiovisual); 9. Dar sequ\u00eancia ao trabalho de CONSERVA\u00c7\u00c3O DO ACERVO da institui\u00e7\u00e3o, \u00e0 realiza\u00e7\u00e3o de pesquisas sobre obra do artista Iber\u00ea Camargo, \u00e0 continuidade do trabalho de mapeamento das obras externas, \u00e0 manuten\u00e7\u00e3o e expans\u00e3o do Centro de Documenta\u00e7\u00e3o (produto Preserva\u00e7\u00e3o de acervo cultural); 10. Ampliar o programa de CONTRAPARTIDA SOCIAL (produto Contrapartida Social), que tem como foco atender estudantes, professores e visitantes em geral, atentando sempre para que a programa\u00e7\u00e3o e os objetivos culturais da Funda\u00e7\u00e3o Iber\u00ea Camargo tenham um alcance ainda maior e mais democr\u00e1tico, e que prev\u00ea a realiza\u00e7\u00e3o das seguintes atividades: - PROGRAMA EDUCATIVO IBER\u00ca que, atrav\u00e9s do projeto oferece aos finais de semana, uma s\u00e9rie de a\u00e7\u00f5es e atividades educativas dirigidas a todos os p\u00fablicos dentre as mais diversas faixas et\u00e1rias. Tem como objetivo principal aproximar a popula\u00e7\u00e3o do espa\u00e7o cultural, a fim de constituir e formar um p\u00fablico que tenha acesso \u00e0s diferentes linguagens art\u00edsticas, em especial, as artes visuais. O programa promove o estudo e a divulga\u00e7\u00e3o da obra de Iber\u00ea Camargo e busca aproximar o p\u00fablico da arte moderna e contempor\u00e2nea. Atua na forma\u00e7\u00e3o de mediadores e de novos profissionais para o campo da arte, realiza visitas mediadas e t\u00e9cnicas, oficinas e encontros de orienta\u00e7\u00e3o para educadores. S\u00e3o propostas tamb\u00e9m atividades de artes integradas e debates sobre temas ligados \u00e0 arte e \u00e0 cultura. - SEMIN\u00c1RIOS E PALESTRAS com artistas, educadores e pesquisadores convidados das mais diversas \u00e1reas relacionadas \u00e0s exposi\u00e7\u00f5es em cartaz ou envolvidos em pesquisas desenvolvidas pelos demais setores da institui\u00e7\u00e3o. Artistas, acad\u00eamicos, intelectuais e ativistas participam de programas continuados de investiga\u00e7\u00e3o, atualiza\u00e7\u00e3o e debate quanto aos mais relevantes temas da contemporaneidade, passando pela re\ufb02ex\u00e3o sobre temas contempor\u00e2neos ou hist\u00f3ricos que seguem se impondo \u00e0 pauta cultural da atualidade. - PROJETO SALA DE LEITURA, que visa estruturar, no \u00e1trio da Funda\u00e7\u00e3o Iber\u00ea Camargo, um espa\u00e7o aberto ao p\u00fablico para pesquisa e consulta de publica\u00e7\u00f5es com enfoque art\u00edstico; - WORKSHOPS com artistas, educadores e pesquisadores convidados das mais diversas \u00e1reas relacionadas \u00e0s exposi\u00e7\u00f5es em cartaz e pesquisas desenvolvidas pelos demais setores da institui\u00e7\u00e3o; E ainda, dentro do escopo das atividades rotineiramente desenvolvidas pela Funda\u00e7\u00e3o, previmos o aprimoramento do seu projeto de Comunica\u00e7\u00e3o, como o intuito de ampliar o atingimento do p\u00fablico visitante, e Pesquisa e de toda a sua estrutura operacional e de atendimento ao p\u00fablico.","justificativa":"A partir da reestrutura\u00e7\u00e3o dos processos internos e diretrizes, que se deu no \u00e2mbito do bi\u00eanio 2018\/2019, a Funda\u00e7\u00e3o Iber\u00ea retomou as suas atividades usuais voltando a abrir ao p\u00fablico de ter\u00e7a a domingo em hor\u00e1rio regular e, se consolidou no cen\u00e1rio art\u00edstico, oferecendo uma programa\u00e7\u00e3o diversificada que perpassa e conecta as artes visuais \u00e0s mais diferentes manifesta\u00e7\u00f5es culturais, como m\u00fasica, cinema, performance, arquitetura, design, moda e literatura. A programa\u00e7\u00e3o anual de 2020 segue com a proposta de uma maior interse\u00e7\u00e3o entre os recortes curatoriais a serem abordados dentre os formatos propostos e os eixos que estruturam o programa educativo implantado. Toda programac\u0327a~o vem sendo constru\u00edda cuidadosamente em conjunto com o Programa Educativo, visando contribuir de forma ampla para a formac\u0327a~o de educadores, estudantes e diferentes p\u00fablicos, refor\u00e7ando a atua\u00e7\u00e3o cont\u00ednua de programas como: Atelie\u0302 de Gravura e Bolsa Ibere\u0302 Camargo, bem como investindo na manutenc\u0327a~o, conservac\u0327a~o e preservac\u0327a~o do Acervo de Obras e Documental; exibi\u00e7\u00f5es de filmes semin\u00e1rios e mini-cursos. A programac\u0327a~o prev\u00ea as seguintes atividades: Em fevereiro iniciamos a programa\u00e7\u00e3o com um recorte expositivo de pequeno porte refor\u00e7ando de forma cont\u00ednua um di\u00e1logo da obra do Iber\u00ea com a produ\u00e7\u00e3o contempor\u00e2nea. A partir da curadoria trazida, lan\u00e7amos o programa educativo e suas a\u00e7\u00f5es. Em mar\u00e7o, acolheremos o 7\u00ba Pr\u00eamio Ind\u00fastria Nacional Marcoantonio Vila\u00e7a para as Artes. Ainda do primeiro trimestre, retomamos a sele\u00e7\u00e3o de projetos por edital e os ateliers de gravura, bem como abrimos os espa\u00e7os para a realiza\u00e7\u00e3o da 12\u00aa edi\u00e7\u00e3o da Bienal do Mercosul. \u00c9 importante destacar que as a\u00e7\u00f5es do educativo seguem em compasso com o recorte conceitual trazido com a edi\u00e7\u00e3o da Bienal. Em abril, seguimos com a proposta de ocupa\u00e7\u00e3o apresentando uma nova mostra de pequeno porte, por meio de um curador convidado, e seguimos a pr\u00e9-produ\u00e7\u00e3o de uma segunda proposta de resid\u00eancia art\u00edstica para o atelier de gravura. Nesse mesmo per\u00edodo, avan\u00e7amos tamb\u00e9m com a pr\u00e9-produ\u00e7\u00e3o da exposi\u00e7\u00e3o de grande porte. Seguimos no segundo trimestre com a proposta de ocupa\u00e7\u00e3o, apresentando uma nova mostra de pequeno porte por meio de um curador convidado, al\u00e9m de abrigarmos a 13\u00aa edi\u00e7\u00e3o do Festival Internacional de Fotografia de Porto Alegre _ Festfoto e a 5\u00aa edi\u00e7\u00e3o do programa Noite dos Museus, festivais importantes no calend\u00e1rio oficial da cidade. Seguimos, ainda, com a pr\u00e9-produ\u00e7\u00e3o de uma segunda proposta de resid\u00eancia art\u00edstica para o atelier de gravura. Nesse mesmo per\u00edodo, avan\u00e7amos concomitantemente com a pr\u00e9-produ\u00e7\u00e3o de uma exposi\u00e7\u00e3o de grande porte - ainda em fase de negocia\u00e7\u00e3o. Abrimos o segundo semestre, realizando a terceira mostra de pequeno porte e a primeira exposi\u00e7\u00e3o prevista de m\u00e9dio porte. E, concomitantemente lan\u00e7amos a sele\u00e7\u00e3o de projetos por edital. Ao longo do quarto bimestre, j\u00e1 avan\u00e7amos com a pr\u00e9-produ\u00e7\u00e3o da pen\u00faltima mostra de pequeno porte. Caminhando para o encerramento da programa\u00e7\u00e3o 2020, oferecemos uma s\u00e9rie de atividades voltadas para o per\u00edodo das f\u00e9rias de ver\u00e3o propondo uma correla\u00e7\u00e3o entre artes visuais, m\u00fasica, moda e gastronomia. Ser\u00e3o realizados cat\u00e1logos digitais para todas as exposi\u00e7\u00f5es, a serem disponibilizados on-line para download na p\u00e1gina oficial iberecamargo.org.br O Programa Educativo, reposicionado, e\u00b4 um dos principais focos da instituic\u0327a~o e est\u00e1 interrelacionado com toda a programa\u00e7\u00e3o. Arte e Educa\u00e7\u00e3o juntas tem uma pot\u00eancia desviante, imaginativa e cr\u00edtica, portanto, queremos pensar os programas p\u00fablicos como a\u00e7\u00f5es que n\u00e3o apenas utilizam os espa\u00e7os da Funda\u00e7\u00e3o Iber\u00ea Camargo, mas que os ativam desde suas especificidades e potencialidades outras. O Programa de Media\u00e7\u00e3o \u00e9 respons\u00e1vel por receber os visitantes e alunos para visitas \u00e0s exposi\u00e7\u00f5es, que sa~o acompanhados por mediadores treinados. O Programa Atelie\u0302 de Gravura segue em 2020, a partir de processo seletivo. O mesmo segue objetivando um trabalho de imers\u00e3o e produc\u0327a~o de gravuras em metal na prensa que pertenceu a Ibere\u0302 Camargo. Ao todo ser\u00e3o 06 (seis) artistas selecionados especialmente para o projeto. Os artistas participam, tamb\u00e9m, de uma conversa com o pu\u00b4blico sobre seu trabalho e experie\u0302ncia. A equipe do Atelie\u0302 executa as tiragens das gravuras desenvolvidas, fazendo uso permanente dos materiais e do espac\u0327o de trabalho. A Bolsa Ibere\u0302 Camargo e\u00b4 um programa de grande presti\u00b4gio entre a comunidade arti\u00b4stica. Para 2020, a instituic\u0327a~o renova o edital, visando ampliar sua atuac\u0327a~o atrave\u00b4s de seu Acervo. O objetivo e\u00b4 fomentar trabalhos de maior adensamento na obra de Ibere\u0302. O edital premiara\u00b4 um selecionado, podendo este ser nacional ou estrangeiro, com uma \"bolsa de resid\u00eancia\" de um m\u00eas no Acervo da sede, em Porto Alegre. O Acervo art\u00edstico, com mais de 5.000 itens e 20.000 documentos relacionados a\u0300 vida e histo\u00b4ria do artista, tem como principal objetivo a preserva\u00e7\u00e3o desse material para as futuras gera\u00e7\u00f5es. Garante as melhores condic\u0327o~es de armazenamento e monitoramento para mante\u0302-lo estabilizado. A equipe executa laudos t\u00e9cnicos de estado de conserva\u00e7\u00e3o, fornece informac\u0327o~es te\u00b4cnicas e reprodu\u00e7\u00f5es das obras de Ibere\u0302, sejam do Acervo ou na~o, atrave\u00b4s de uma Base de Dados constantemente atualizada. Mant\u00e9m, ainda, o Acervo Digital, plataforma online que serve como estudo avanc\u0327ado e detalhado de seus fundos arti\u00b4stico e documental, disponibilizado para consultas gratuitas atrave\u00b4s do site da instituic\u0327a~o, democratizando a informac\u0327a~o e trazendo ao conhecimento pu\u00b4blico um reperto\u00b4rio nunca visto em exposic\u0327o~es. Atende tamb\u00e9m a estudantes de cursos avan\u00e7ados e ao pu\u00b4blico pesquisador interessado na produc\u0327a~o art\u00edstica e nos arquivos histo\u00b4ricos do artista e realiza mapeamento de obras externas a seu acervo, no intuito de rastrear e catalogar a produc\u0327a~o completa de Ibere\u0302 Camargo. O projeto de Comunicac\u0327a~o amplia o alcance das ac\u0327o~es da instituic\u0327a~o e tem como base um planejamento estrate\u00b4gico de longo prazo e um plano t\u00e1tico que envolve materiais impressos, mi\u00b4dias digitais e redes sociais, assessoria de imprensa e desenvolvimento de conteu\u00b4do de divulgac\u0327a~o para aplicativos, novas plataformas digitais, posts para facebook, vi\u00b4deos para youtube e igtv, links para spotfy, al\u00e9m de banners e sinalizac\u0327a~o nas exposic\u0327o~es, publicac\u0327o~es, site, clipagem e relato\u00b4rios. Suportando a institui\u00e7\u00e3o e sua programa\u00e7\u00e3o cultural ha\u00b4 uma estrutura que inclui equipes permanentes (gesta~o, acervo, educativo, atelie\u0302, comunicac\u0327a~o, financeiro) e equipes terceirizadas de vigila\u0302ncia privada (24h), de conserva\u00e7\u00e3o, reparo e manutenc\u0327a~o predial, controle de acesso, automac\u0327a~o, manutenc\u0327a~o de sistemas, elevadores e do equipamento de climatizac\u0327a~o especial e prevenc\u0327a~o de ince\u0302ndio. Cumpre ainda destacar que o projeto est\u00e1 em conson\u00e2ncia com os incisos do artigo 1\u00ba da Lei 8.313\/91, al\u00e9m de fomentar a produ\u00e7\u00e3o cultural e art\u00edstica, mediante a realiza\u00e7\u00e3o de diversas exposi\u00e7\u00f5es realizadas ao longo de todo o ano de 2019.","etapa":"A programa\u00e7\u00e3o cultural de 2020 ter\u00e1 a dire\u00e7\u00e3o art\u00edstica de Emilio Kalil, por vezes acompanhado por curadores convidados. As caracteri\u0301sticas de cada mostra dependem da finalizac\u0327a\u0303o e do detalhamento de cada projeto curatorial e seu recorte conceitual, incluindo lista de obras, projeto museogra\u0301fico, lista de emprestadores, textos curatoriais e cri\u0301ticos, lista de fornecedores e projeto gra\u0301fico. Esses itens, portanto, tera\u0303o sua versa\u0303o definitiva em 2020, apo\u0301s aprovac\u0327a\u0303o deste Plano Anual pelo Ministe\u0301rio da Cidadania, e conforme o andamento das propostas, sua produc\u0327a\u0303o e execuc\u0327a\u0303o. A equipe interna da Fundac\u0327a\u0303o executa continuamente, ale\u0301m da programac\u0327a\u0303o em curso, o planejamento operacional e de custos, bem como o estudo de viabilidade dos projetos preliminares propostos pelo Curador Residente, aprovados pela Diretoria e aqui apresentados em esta\u0301gio mais maduro, de pre\u0301-produc\u0327a\u0303o. Em termos gerais, a pre\u0301-produc\u0327a\u0303o tem ini\u0301cio em torno de 15 a 12 meses antes da abertura da exposic\u0327a\u0303o; a produc\u0327a\u0303o em torno de 6 meses e a divulgac\u0327a\u0303o 3 meses antes da abertura. O processo segue o percurso delineado abaixo e que se sobrepo\u0303e temporalmente, ja\u0301 que uma exposic\u0327a\u0303o \u00e9 apresentada imediatamente apo\u0301s o encerramento da outra, criando um fluxo continuo de etapas de pre\u0301-produc\u0327a\u0303o, produc\u0327a\u0303o e divulgac\u0327a\u0303o: ETAPA DE PRE\u0301-PRODUC\u0327A\u0303O: a. Execuc\u0327a\u0303o de relac\u0327o\u0303es institucionais e contatos com artistas e curadores; b. Revisa\u0303o de orc\u0327amentos e ajustes nos custos previstos para garantir a boa gesta\u0303o dos recursos e contratac\u0327a\u0303o de produtor especi\u0301fico; c. Pesquisa bibliogra\u0301fica e iconogra\u0301fica sobre o(s) artista(s), em conjunto entre curador e equipe da Fundac\u0327a\u0303o; d. Aceite do projeto, ana\u0301lise e assinatura de contrato com curador, artista, e instituic\u0327a\u0303o parceira (quando cabi\u0301vel); e. Selec\u0327a\u0303o de obras e envio de formula\u0301rio de empre\u0301stimo aos colecionadores; f. Pagamento de taxas de empre\u0301stimo de obras (quando houver cobran\u00e7a), taxas de licenc\u0327as sobre direitos autorais de imagens ou textos de terceiros (para obras do artista selecionado ou imagens \/ textos de refere\u0302ncia); g. Publicac\u0327a\u0303o da programac\u0327a\u0303o no site da instituic\u0327a\u0303o (primeiro publicada a programac\u0327a\u0303o geral, depois publicados maiores detalhes a cada exposic\u0327a\u0303o); h. Cotac\u0327a\u0303o e contratac\u0327a\u0303o de seguro de obras e transportadora; i. Contratac\u0327a\u0303o de arquiteto para elaborac\u0327a\u0303o de projeto museogra\u0301fico; j. Contratac\u0327a\u0303o de equipe de montagem especializada na instalac\u0327a\u0303o de obras de arte; k. Contratac\u0327a\u0303o de designer para desenvolvimento do projeto gra\u0301fico, programac\u0327a\u0303o visual e editorial (cat\u00e1logo PDF, material educativo, folder, convite, legendas, banner, textos de parede, sinalizac\u0327a\u0303o, etc.) da exposic\u0327a\u0303o; l. Desenvolvimento, em conjunto entre curador e equipe do programa educativo, de conteu\u0301do para os materiais educativos, atividades e oficinas a serem desenvolvidas para cada exposic\u0327a\u0303o; m. Acompanhamento e apoio da equipe de produc\u0327a\u0303o, para desenvolvimento dos conteu\u0301dos textuais de autoria dos curadores e, quando cabi\u0301vel, dos cri\u0301ticos de arte, para o cata\u0301logo; ETAPA DE PRODUC\u0327A\u0303O E DIVULGAC\u0327A\u0303O (EM CONJUNTO): a. Embalagem e coleta das obras por agente transportador, com controle da equipe de produc\u0327a\u0303o; b. Contratac\u0327a\u0303o de revisor e tradutor de textos, material dida\u0301tico, textos de parede, legendas, folder; c. Contratac\u0327a\u0303o de gra\u0301fica para impressa\u0303o das pec\u0327as gra\u0301ficas e impresso; d. Entrega do conteu\u0301do para as pec\u0327as gra\u0301ficas, elaborado pela curadoria da exposic\u0327a\u0303o, por cri\u0301ticos contratados, pela equipe de produc\u0327a\u0303o, equipe do programa educativo e equipe de comunicac\u0327a\u0303o; e. Entrega de projeto museogra\u0301fico e de montagem, seguido de ana\u0301lise de viabilidade e custos pela equipe de produc\u0327a\u0303o; f. Contratac\u0327a\u0303o de fornecedores de materiais para montagem e cenografia; g. Organizac\u0327a\u0303o de materiais de divulgac\u0327a\u0303o entre a equipe de produc\u0327a\u0303o e comunicac\u0327a\u0303o, tanto para gerar conteu\u0301dos para o site como para a imprensa; h. Organizac\u0327a\u0303o operacional da montagem da exposic\u0327a\u0303o, incluindo ordem de instalac\u0327a\u0303o e localizac\u0327a\u0303o das obras, listagem de couriers, preparac\u0327a\u0303o do espac\u0327o expositivo; i. Emissa\u0303o de passagens, hospedagens e dia\u0301rias para o curador, couriers e artistas necessa\u0301rios para a montagem da exposic\u0327a\u0303o; j. Envio de convites por e-mail marketing; k. Execuc\u0327a\u0303o da museografia no espac\u0327o expositivo; l. Ini\u0301cio da impressa\u0303o de cata\u0301logos e material gra\u0301fico (material educativo, banner, convite, etc.), com acompanhamento e supervisa\u0303o da equipe de produc\u0327a\u0303o; m. Chegada das obras transportadas e chegada de couriers e pessoas que devem acompanhar a montagem; n. Realizac\u0327a\u0303o de laudos te\u0301cnicos de entrada por equipe de conservac\u0327a\u0303o e couriers; o. Instalac\u0327a\u0303o das obras; p. publicac\u0327a\u0303o de informac\u0327o\u0303es detalhadas no site da instituic\u0327a\u0303o, incluindo imagens, entrevistas, noti\u0301cias e bastidores; q. Chegada do material gra\u0301fico finalizado (a Fundac\u0327a\u0303o tradicionalmente lanc\u0327a o cata\u0301logo ja\u0301 na abertura de cada exposic\u0327a\u0303o); r. Divulgac\u0327a\u0303o da exposic\u0327a\u0303o junto a\u0300 imprensa, com entrevistas, noti\u0301cias e reportagens (mi\u0301dia esponta\u0302nea); s. Abertura da exposic\u0327a\u0303o; t. Peri\u0301odo de visitac\u0327a\u0303o e manutenc\u0327a\u0303o do espac\u0327o expositivo, tanto pela equipe de produc\u0327a\u0303o como pela equipe de acervo (conservac\u0327a\u0303o); u. Fechamento da exposic\u0327a\u0303o e ini\u0301cio da desmontagem, com chegada de couriers para acompanhamento da embalagem das obras pela empresa transportadora; v. Execuc\u0327a\u0303o dos laudos te\u0301cnicos de sai\u0301da das obras; x. Embalagem e envio das obras de volta aos colecionadores; z. Prestac\u0327a\u0303o de contas da exposic\u0327a\u0303o. EXPOSIC\u0327O\u0303ES EM 2020 - 04 EXPOSI\u00c7\u00d5ES DE PEQUENO PORTE | 02 meses de dura\u00e7\u00e3o cada | fevereiro\/mar\u00e7o - abril\/maio - agosto\/setembro - novembro\/dezembro; - 02 EXPOSI\u00c7\u00d5ES DE M\u00c9DIO PORTE | 02 meses de dura\u00e7\u00e3o cada | junho\/julho - setembro\/novembro - EXPOSI\u00c7\u00c3O DE GRANDE PORTE | 03 meses de dura\u00e7\u00e3o | agosto\/outubro; Ale\u0301m do trabalho de rotina, como a conservac\u0327a\u0303o preventiva, atendimento a pesquisadores, produc\u0327a\u0303o de laudos de obras, tambe\u0301m sa\u0303o realizadas as atividades de ana\u0301lise do estado das obras do acervo e avalia\u00e7\u00e3o da necessidade de restaurac\u0327o\u0303es, aquisic\u0327a\u0303o de material para o acondicionamento e higienizac\u0327a\u0303o de obras e documentos. As atividades ocorrem de forma conti\u0301nua e os dados gerados alimentam permanentemente o banco de dados e o acervo digital da instituic\u0327a\u0303o. BOLSA IBERE\u0302 CAMARGO Dezembro de 2019 \u2013 Preparac\u0327a\u0303o do edital > ana\u0301lise do edital e escopo do projeto e das reside\u0302ncias no Acervo e Ateli\u00ea da Fundac\u0327a\u0303o pela Diretoria; Ajustes e ana\u0301lise juri\u0301dica do edital; Aprovac\u0327a\u0303o final do edital e dos termos juri\u0301dicos para a Bolsa Ibere\u0302 Camargo 2020; Janeiro de 2020 \u2013 Criac\u0327a\u0303o e impressa\u0303o de folder eletro\u0302nico de divulgac\u0327a\u0303o; criac\u0327a\u0303o e envio de email marketing do programa e instruc\u0327o\u0303es para participac\u0327a\u0303o do edital; Fevereiro de 2020 - Peri\u0301odo de inscric\u0327o\u0303es; Mar\u00e7o de 2020 \u2013 Cadastramento e pre\u0301- aprovac\u0327a\u0303o dos candidatos (fase eliminato\u0301ria); > Selec\u0327a\u0303o do contemplado; > Divulgac\u0327a\u0303o dos contemplados com a Bolsa Ibere\u0302 Camargo, elaborac\u0327a\u0303o do Termo de compromisso. Abril a Dezembro de 2020 - Peri\u0301odo de execuc\u0327a\u0303o da Bolsa. EDITAIS DE OCUPA\u00c7\u00c3O 04 EXPOSI\u00c7\u00d5ES DE OBRAS RESULTANTES DOS EDITAIS: 02 meses de dura\u00e7\u00e3o cada. EXPOSI\u00c7\u00c3O EDITAL 1 | ABERTURA: abril - ENCERRAMENTO: maio; EXPOSI\u00c7\u00c3O EDITAL 2 | ABERTURA: julho - ENCERRAMENTO: agosto; EXPOSI\u00c7\u00c3O EDITAL 3 | ABERTURA: setembro - ENCERRAMENTO: outubro; EXPOSI\u00c7\u00c3O EDITAL 4 | ABERTURA: novembro - ENCERRAMENTO: dezembro; AVALIAC\u0327A\u0303O DOS RESULTADOS DO PROJETO - Elaborac\u0327a\u0303o do relato\u0301rio final pela a\u0301rea Cultural e Administrativa, elaborac\u0327a\u0303o e envio de prestac\u0327a\u0303o de contas ao Ministe\u0301rio da Cidadania: 03 meses (dezembro de 2020 a fevereiro de 2021).","ficha_tecnica":"Dire\u00e7\u00e3o Art\u00edstica - EMILIO KALIL EMILIO KALIL, \u00e9 empres\u00e1rio do meio cultural h\u00e1 40 anos. Formado em jornalismo, presidiu o Theatro Municipal do Rio de Janeiro de 1995 a 1999, foi diretor do Teatro Municipal de S\u00e3o Paulo de 1988 a 1992 e atuou como curador e produtor de algumas das mais importantes exposi\u00e7\u00f5es realizadas no Brasil nos \u00faltimos anos: a MOSTRA DO DESCOBRIMENTO, em comemora\u00e7\u00e3o ao anivers\u00e1rio de 500 anos do descobrimento do Brasil, PARADE, com o acervo do Centre Georges Pompidou \u2013 Paris, 500 ANOS DE ARTE RUSSA, com o acervo do State Russian Museum, CHINA \u2013 OS GUERREIROS DE XI\u2019AN E OS TESOUROS DA CIDADE PROIBIDA, com acervo do Palace Museum e Shaanxi Province, A BIGGER SPLASH, com acerto da TATE Gallery de Londres, PICASSO, UMA RETROSPECTIVE, dentre tantas outras. Produziu espet\u00e1culos de importantes companhias de dan\u00e7a e de teatro do mundo como Pina Bausch, Merce Cunningham, Trisha Brown, Peter Brook, Th\u00e9\u00e2tre de la Ville, \u00d3pera de Paris, atuou como diretor do Grupo Corpo, a mais importante companhia de dan\u00e7a brasileira, e como diretor de produ\u00e7\u00e3o e de projetos na Bienal de S\u00e3o Paulo. Em 2013 assumiu a presid\u00eancia da Cidade das Artes que, sob sua batuta, ofereceu ao p\u00fablico carioca uma programa\u00e7\u00e3o de alt\u00edssima qualidade, com relevantes eventos culturais nacionais e internacionais. Foi Secret\u00e1rio Municipal de Cultura do Rio de Janeiro de 2011 e 2012. \u00c9 diretor art\u00edstico da 1\u00aa e da 2\u00aa edi\u00e7\u00e3o da Semana de Arte, realizadas em 2017 e 2018, na cidade de S\u00e3o Paulo. \u00c9 superintendente da Funda\u00e7\u00e3o Iber\u00ea Camargo a partir de maio de 2018. Superintend\u00eancia Executiva - ROBSON OUTEIRO ROBSON OUTEIRO \u00e9 diretor da produtora Emp\u00f3rio Empreendimento Art\u00edsticos e Culturais Ltda., e, \u00e0 frente de suas atividades como gestor cultural, respondeu pela: Coordena\u00e7\u00e3o de Cenografia e Eventos Paralelos Internacionais na Associa\u00e7\u00e3o Brasil 500 Anos, nas exposi\u00e7\u00f5es: A - Mostra do Redescobrimento montada pela Associa\u00e7\u00e3o Brasil + 500 nos Pavilh\u00f5es da Bienal, Oca e Pinacoteca - abril a setembro\/2000; B - Itiner\u00e2ncia Nacional - setembro\/2000 a janeiro\/2001: Arte Popular \/ Centro Cultural Banco do Brasil \u2013 DF; Carta de Pero Vaz \/ Sal\u00e3o Negro do Congresso Nacional \u2013 DF; Arte Barroca \/ Museu Nacional de Belas Artes \u2013 RJ; Artes Ind\u00edgenas \/ Museu de Arte Moderna \u2013 RJ; Canga\u00e7o \/ Centro Cultural dos Correios \u2013 RJ; Carta de Pero Vaz \/ Teatro Trianon \u2013 Campos; Imagens do Inconsciente \/ Pa\u00e7o Imperial \u2013 RJ e a Panor\u00e2mica da Mostra \/ Convento das M\u00earces \u2013 MA. A partir de 2001, pela Brasil Connects Cultura, foi respons\u00e1vel pela Coordena\u00e7\u00e3o Executiva de Projetos, respondendo pela elabora\u00e7\u00e3o e o controle or\u00e7ament\u00e1rio das exposi\u00e7\u00f5es: Na Argentina, Arte Popular no Centro Cultural de la Recoleta, Arte Barroca no Museo Nacional de Bellas Artes, Arte Contempor\u00e2nea no MALBA e Imagens do Inconsciente na Fundac\u00edon Proa. No Chile, a mostra Brasil Profundo no Museo Nacional de Bellas Artes de Santiago do Chile. No Reino Unido, a exposi\u00e7\u00e3o Unknown Amazon, montada no British Museum, e a mostra Heroes and Artists Popular Art and the Brazilian Imagination, no Fitzwilliam Museum, em Cambridge. Em Veneza, as exposi\u00e7\u00f5es que apresentaram Carmen Miranda e il Carnevale Brasiliano e Vik Muniz e Ernesto Neto, no Palazzo Fortuny. Ainda pela Brasil Connects Cultura, respondeu pela Produ\u00e7\u00e3o Executiva das seguintes mostras: Parade (2001), 500 Anos de Arte Russa (2002), CHINA: Os Guerreiros de Xi\u2019an e Os Tesouros da Cidade Proibida (2003) e Picasso na Oca (2004) e pelo Gerenciamento das Exposi\u00e7\u00f5es VIS\u00d5ES E ALUMBRAMENTOS \u2013 Fotografia Contempor\u00e2nea Brasileira, que reuniu a cole\u00e7\u00e3o de fotografias do colecionador Joaquim Paiva e, A BIGGER SPLASH \u2013 Arte Brit\u00e2nica da Tate \u2013 1960 a 2003, que apresentou uma sele\u00e7\u00e3o de 109 obras da cole\u00e7\u00e3o TATE. Produ\u00e7\u00e3o Executiva da mostra de galerias SP ARTE (mar\u00e7o\/02), que reuniu os principais dealers do mercado de arte nacional e da exposi\u00e7\u00e3o FASHION PASSION \u2013 100 ANOS DE MODA NA OCA. No Ano de 2005, em parceria com o Gabinete Cultura, colaborou no Gerenciamento e na Produ\u00e7\u00e3o Executiva dos seguintes projetos: Projeto Brasil Brasis \u2013 ANO DO BRASIL NA FRAN\u00c7A 2005: BR\u00c9SIL INDIEN: Les Arts des Am\u00e9ridiens du Br\u00e9sil, Grand Palais (Mar 22 a Jun 27, 2005), FOTOGRAFIA BRASILEIRA \u2013 Miguel Rio Branco, Maison Europ\u00e9enne de la Photographie (Set a Dez, 2005), MAREPE \u2013 Vermelho \u2013 Amarelo \u2013 Azul \u2013 Verde, Centre Georges Pompidou (Set 14, 2005 a Jan 16, 2006), S\u00e3o Paulo: Dinos na OCA e Outros Animais Pr\u00e9-hist\u00f3ricos (Jan 26 a Mai 14, 2006), TANZTHEATER WUPPERTAL PINA BAUSCH - \u201cPara as Crian\u00e7as de Ontem, Hoje e Amanh\u00e3\u201d, no Teatro Alfa - S\u00e3o Paulo (28, 29 e 30 de Ago e 01, 02 e 03 de Set 2006) e no Teatro do Sesi - Porto Alegre (07 e 08 de Set 2006). Chicago: TROPIC\u00c1LIA \u2013 Uma Revolu\u00e7\u00e3o na Cultura Brasileira, no Museu de Arte Contempor\u00e2nea de Chicago (22 de Out a 08 de Jan\/2006). De 2007 a 2010, respondeu pela \u00e1rea de Gest\u00e3o Cultural e Novos Projetos, do Instituto Sangari em parceria com AMNH \u2013 American Museum of Nature History, onde estruturou a \u00e1rea de exposi\u00e7\u00f5es e foi respons\u00e1vel pela realiza\u00e7\u00e3o das seguintes exposi\u00e7\u00f5es: DARWIN NO MASP: gerenciamento e produ\u00e7\u00e3o executiva da mostra no Museu de Arte Assis Chateaubriand - MASP, em S\u00e3o Paulo, de 05 de Mai a 15 de Jul). Curadoria CINE IBER\u00ca - MARTA BIAVASCHI Marta Biavaschi - realizadora e produtora audiovisual. Estudou Jornalismo e Filosofia (PUC\/RS e UNISINOS). S\u00f3cia da Surreal Filmes, onde desenvolve projetos de cinema, televis\u00e3o e artes visuais. Produtora das Mostras de Filmes: O Cinema de B\u00e9la Tarr (Sala P.F. Gastal, 2013), INDIE FESTIVAL \u2013 Mostra Mundial de Cinema Independente - Itiner\u00e2ncia Porto Alegre (Sala P.F. Gastal, 2012), Narrativas e Subjetividades ( Sala P.F. Gastal, 2012) e tamb\u00e9m curadora de Quinta Cinematogr\u00e1fica (Bar Ocidente e UNISINOS, 2000), O Sil\u00eancio em Movimento \u2013 cinema mudo com m\u00fasica ao vivo (Sala Reden\u00e7\u00e3o, cinema universit\u00e1rio da UFRGS,1990). Realizadora dos filmes: Magma (document\u00e1rio, m\u00e9dia-metragem, 2014), Um Ponto ao Sul (document\u00e1rio, curta-metragem, 2011), Mestres em Obra (document\u00e1rio, 2008), A Dan\u00e7a do Pensamento (document\u00e1rio, m\u00e9dia-metragem, 2008), Minha M\u00e3e (fic\u00e7\u00e3o, programa da s\u00e9rie Escritores\/RBSTV, 2007), As Parceiras (fic\u00e7\u00e3o, programa da s\u00e9rie Hist\u00f3rias do Sul\/TVE-RS, 2002), Bola de Fogo (fic\u00e7\u00e3o, m\u00e9dia-metragem,1997), Actio (document\u00e1rio, curta-metragem,1995), e de programas para a televis\u00e3o quando colaborou como o N\u00facleo de Especiais\/RBSTV, de 1999 \u00e0 2010. Atualmente \u00e9 curadora e produtora do Cine Iber\u00ea, programa de cinema da Funda\u00e7\u00e3o Iber\u00ea Camargo. Programa Educativo - LEDA FONSECA P\u00f3s-graduada em Letras, especializa\u00e7\u00e3o em Literatura Brasileira pela Universidade do Estado do Rio de Janeiro e mestrado em Educa\u00e7\u00e3o pela PUC do Rio de Janeiro (2004). Foi coordenadora do projeto Cidade Liter\u00e1ria na Funda\u00e7\u00e3o Cidade das Artes, criando o programa educativo dessa institui\u00e7\u00e3o. Exerceu o cargo de coordenadora de Livro, Leitura e Arte e Educa\u00e7\u00e3o na secretaria Municipal de Cultura da Cidade do Rio de Janeiro. Atuou, de 2005 a 2015, como parecerista do Programa Nacional Biblioteca Escolar, do MEC. Na Secretaria Municipal de Educa\u00e7\u00e3o, exerceu o magist\u00e9rio nas s\u00e9ries iniciais e no Ensino Fundamental 2, como professora de portugu\u00eas. Exerceu os cargos de diretora-adjunta e coordenadora pedag\u00f3gica no CIEP Jose Pedro Varela. Tamb\u00e9m exerceu o magist\u00e9rio no Centro Educacional An\u00edsio Teixeira, como professora de portugu\u00eas e na biblioteca. Tem experi\u00eancia na \u00e1rea de Letras, com \u00eanfase em Literatura, atuando principalmente nos seguintes temas: forma\u00e7\u00e3o de leitores, constitui\u00e7\u00e3o de acervos, media\u00e7\u00e3o da leitura na escola e em bibliotecas, hist\u00f3ria das salas de leitura e bibliotecas p\u00fablicas. Nos \u00faltimos anos (2009 a 2017) criou e coordenou programas de Arte e Educa\u00e7\u00e3o na Secretaria Municipal de Cultura e Funda\u00e7\u00e3o Cidade das Artes. Dirigente: Diretor de Controle (Volunt\u00e1rio): CARLOS C\u00c9SAR PILLA Respons\u00e1vel pelas \u00e1reas financeira, cont\u00e1bil e patrimonial, conforme Estatuto e comprova\u00e7\u00e3o via Ata de Elei\u00e7\u00e3o.","impacto_ambiental":"A sede da Fundac\u0327a\u0303o Ibere\u0302 Camargo e\u0301 um projeto ambientalmente responsa\u0301vel: visando a recuperac\u0327a\u0303o da paisagem original existente nas encostas do terreno, 12.000m2 de a\u0301rea verde foram cedidos formalmente pela Secretaria Municipal do Meio Ambiente; a a\u0301gua da chuva e\u0301 utilizada nos banheiros e uma pequena estac\u0327a\u0303o de tratamento de efluentes faz o tratamento de resi\u0301duos so\u0301lidos e li\u0301quidos no pro\u0301prio local. A a\u0301gua resultante do processo serve para regar a vegetac\u0327a\u0303o do entorno do pre\u0301dio.","especificacao_tecnica":"CINE IBER\u00ca 03 sess\u00f5es mensais, sempre aos domingos M\u00e9dia de p\u00fablico prevista: 80 expectadores por sess\u00e3o P\u00fablico total previsto: 3.120 expectadores CICLO DE PALESTRAS 07 ciclos de paletras vinculados \u00e0 exposi\u00e7\u00e3o em cartaz na ocasi\u00e3o M\u00e9dia de p\u00fablico prevista: 220 participantes a cada sess\u00e3o P\u00fablico total previsto: 1.540 participantes ENCONTRO COM O ARTISTA DO EDITAL DE RESID\u00caNCIA ART\u00cdSTICA 04 encontros ao longo do ano M\u00e9dia de p\u00fablico prevista: 24 participantes P\u00fablico total previsto: 96 participantes TODA A PROGRAMA\u00c7\u00c3O SER\u00c1 OFERECIDA GRATUITAMENTE AO P\u00daBLICO","estrategia_execucao":"A Programa\u00e7\u00e3o Anual de 2020 prev\u00ea uma s\u00e9rie de atividades paralelas, entre semin\u00e1rios, workshops, programas de m\u00fasica e programas de cinema, com artistas, cr\u00edticos, curadores e pesquisadores de diferentes \u00e1reas, de modo a dar conta de debater temas e quest\u00f5es centrais que emergem a partir das exposi\u00e7\u00f5es em cartaz. A programa\u00e7\u00e3o completa destas atividades ser\u00e1 pensada de modo transversal, de forma a potencializar as discuss\u00f5es levantadas pelos projetos curatoriais. Publica\u00e7\u00f5es As 07 exposi\u00e7\u00f5es ser\u00e3o acompanhadas de uma publica\u00e7\u00e3o digital que conter\u00e1 imagens dos trabalhos apresentados, o conceito curatorial da mostra al\u00e9m de textos que relacionam e ampliam as quest\u00f5es presentes nas exposi\u00e7\u00f5es. Entende-se que tal publica\u00e7\u00e3o servir\u00e1 como um material de apoio e de pesquisa para o p\u00fablico fazendo reverberar ainda mais a discuss\u00e3o sobre os temas transdisciplinares que comp\u00f5em as exposi\u00e7\u00f5es.","democratizacao":"O acesso a\u0300 programac\u0327a\u0303o da Fundac\u0327a\u0303o Ibere\u0302 Camargo e\u0301 democratizado atrave\u0301s de va\u0301rias iniciativas que eliminam os custos para o pu\u0301blico e facilitam a divulgac\u0327a\u0303o da programac\u0327a\u0303o e a forma de aproveita\u0301-la: os programas beneficiam escolas das redes pu\u0301blicas municipal e estadual, ale\u0301m de escolas privadas, universidades e comunidade local, atrave\u0301s de agendamento de grupos gratuito, feito pela internet e por telefone. Quando requisitada, a equipe do Programa Educativo esta\u0301 apta a oferecer visitas guiadas e oficinas a grupos com portadores de necessidades especiais, incluindo utilizac\u0327a\u0303o de materiais multisensoriais e interpretes de libras; o conte\u00fado dida\u0301tico do programa educativo \u00e9 ministrado aos professores nos cursos de formac\u0327a\u0303o a cada exposic\u0327a\u0303o; o ingresso a\u0300s exposic\u0327o\u0303es e \u00e0 programa\u00e7\u00e3o paralela e\u0301 gratuito; a participac\u0327a\u0303o em palestras do programa Artista Convidado ao Atelie\u0302 de Gravura e\u0301 gratuita; a inscric\u0327a\u0303o para a Bolsa Ibere\u0302 Camargo e\u0301 feita gratuitamente atrav\u00e9s da internet; a inscri\u00e7\u00e3o no edital de exposi\u00e7\u00e3o \u00e9 gratuita; o acesso \u00e0s rodadas de debates \u00e9 gratuito; toda programac\u0327a\u0303o e\u0301 publicada no site e nas redes sociais e e\u0301 atualizada constantemente pela equipe; verso\u0303es digitais dos materiais editoriais da Fundac\u0327a\u0303o Ibere\u0302 Camargo sa\u0303o disponibilizadas para download gratuito no site da Instituic\u0327a\u0303o; o Acervo Digital esta\u0301 disponi\u0301vel online no site da instituic\u0327a\u0303o e permite visualizac\u0327a\u0303o e download de obras do acervo da instituic\u0327a\u0303o de forma gratuita e instanta\u0302nea. A proposta contempla os incisos I, III, IV e V do Art 21 da IN n\u00ba 02\/2019 do Minist\u00e9rio da Cidadania, mais especificamente: Preserva\u00e7\u00e3o de acervo: Incisos III e IV do Art 21 da IN n\u00ba 02\/2019 do Minist\u00e9rio da Cidadania Oficina\/Workshop\/Semin\u00e1rio\/Audiovisual (projeto: Atelier de Gravura) - Incisos III e IV do Art 21 da IN n\u00ba 02\/2019 do Minist\u00e9rio da Cidadania Festival\/Mostra - Audiovisual (projeto: Cine Iber\u00ea) - Incisos III e IV do Art 21 da IN n\u00ba 02\/2019 do Minist\u00e9rio da Cidadania Exposi\u00e7\u00e3o de Artes - Incisos I, III, IV e V do Art 21 da IN n\u00ba 02\/2019 do Minist\u00e9rio da Cidadania Bolsa - Incisos III e IV do Art 21 da IN n\u00ba 02\/2019 do Minist\u00e9rio da Cidadania Curso\/Oficina\/Est\u00e1gio (projeto: Edital de Ocupa\u00e7\u00e3o) - Incisos III e IV do Art 21 da IN n\u00ba 02\/2019 do Minist\u00e9rio da Cidadania Plano Anual: Incisos I, III, IV, V e VII do Art 21 da IN n\u00ba 02\/2019 do Minist\u00e9rio da Cidadania Contrapartidas Sociais | a\u00e7\u00f5es de forma\u00e7\u00e3o de plat\u00e9ia: Incisos I, III, IV, V e VII do Art 21 da IN n\u00ba 02\/2019 do Minist\u00e9rio da Cidadania","resumo":"Dando continuidado ao processo de reposicionamento institucional iniciado pela Funda\u00e7\u00e3o Iber\u00ea Camargo nos anos de 2017, 2018 e 2019, que visa estimular a intera\u00e7\u00e3o do p\u00fablico em geral com a arte, cultura e educa\u00e7\u00e3o, a partir de programas interdisciplinares, o projeto atual tem por objetivo garantir a manuten\u00e7\u00e3o da Funda\u00e7\u00e3o Iber\u00ea Camargo, preservar seu acervo, promover o estudo e a divulga\u00e7\u00e3o da obra de Iber\u00ea Camargo, e ainda apresentar exposi\u00e7\u00f5es tempor\u00e1rias de arte moderna e contempor\u00e2nea e uma programa\u00e7\u00e3o paralela permanente, ampliando a reflex\u00e3o com semin\u00e1rios, workshops, programas de m\u00fasica e programas de cinema, com artistas, cr\u00edticos, curadores e pesquisadores de diferentes \u00e1reas, com o intuito de debater os temas e quest\u00f5es centrais que emergem a partir das exposi\u00e7\u00f5es em cartaz. A programa\u00e7\u00e3o completa destas atividades ser\u00e1 pensada de modo transversal, de forma a potencializar as discuss\u00f5es levantadas pelos projetos curatoriais.","sinopse":"CINE IBER\u00ca A atividade iniciada no ano de 2019 ter\u00e1 continuidade, e ser\u00e3o realizadas ao longo do ano de 2020 tr\u00eas sess\u00f5es de cinema mensais, sempre aos domingos, apresentando filmes com tem\u00e1tica relacionada \u00e0s artes. Temos a expectativa de receber um p\u00fablico de 80 expectadores a cada sess\u00e3o, perfazendo um total de 3.120 expectadores ao longo do ano. ENCONTRO COM O ARTISTA Em complementa\u00e7\u00e3o ao programa de resid\u00eancia art\u00edstica, ser\u00e3o promovidos quatro encontros com os artistas residentes da ocasi\u00e3o, com o intuito de discorrer sobre sua proposta, sua trajet\u00f3ria, pensamento est\u00e9tico e linha de trabalho. Ao todo, ser\u00e3o quatro encontros, realizados sempre aos domingos, quando esperamos receber um p\u00fablico de 24 participantes a cada encontro, totalizando 96 participantes. Cumpre destacar que toda a programa\u00e7\u00e3o ser\u00e1 oferecida gratuitamente a todos os interessados. Essas atividades ser\u00e3o oferecidas em complementa\u00e7\u00e3o \u00e0 programa\u00e7\u00e3o j\u00e1 relacionada e descrita nos objetivos espec\u00edficos.","tipicidade":"Especiais, sem limite (Art. 4\u00ba, \u00a7 2\u00ba)","tipologia":"Planos anuais e plurianuais","enquadradmento":"Artigo 18","mecanisnmo":"Mecenato","UF":"RS","municipio":"Porto Alegre","segmento":"Exposi\u00e7\u00e3o de Artes Visuais","data_inicio":"2020-01-01","data_termino":"2021-02-28","outras_fontes":".0000","proponente":"FUNDACAO IBERE CAMARGO","ano_projeto":"19","local_realizacao":[{"municipio_ibge":"431490","municipio":"Porto Alegre","uf":"Rio Grande do Sul","sigla_uf":"RS","pais":"Brasil"}],"valor_solicitado":9136354.625,"valor_aprovado":8405925.385,"valor_projeto":8405925.385,"valor_captado":2184800,"valor_proposta":9136354.625,"_links":{"self":"http:\/\/api.salic.cultura.gov.br\/api\/v1\/projetos","fornecedores":"https:\/\/api.salic.cultura.gov.br\/api\/v1\/fornecedores?PRONAC=192396","incentivadores":"https:\/\/api.salic.cultura.gov.br\/api\/v1\/incentivadores?incentivador_id=192396","proponente":"https:\/\/api.salic.cultura.gov.br\/api\/v1\/proponentes\/28d2edea588a80b80bde8bb60840521984f5d4f2bd161d0047166862e037"}}]},"_links":{"self":"http:\/\/api.salic.cultura.gov.br\/api\/v1\/projetos","first":"https:\/\/api.salic.cultura.gov.br\/api\/v1\/projetos?PRONAC=192396&limit=100&offset=0","last":"https:\/\/api.salic.cultura.gov.br\/api\/v1\/projetos?PRONAC=192396&limit=100&offset=0"},"count":1,"total":1}