{"_embedded":{"projetos":[{"PRONAC":"204074","nome":" Plano Plurianual de Atividades Culturais 2021\/2022\/2023 - Funda\u00e7\u00e3o Iber\u00ea Camargo","providencia":"Projeto encaminhado para avalia\u00e7\u00e3o de resultados.","cgccpf":"01204099000106","situacao":"Apresentou presta\u00e7\u00e3o de contas","acessibilidade":"Produto \u201cPlano Anual\u201d: Acessibilidade f\u00edsica: A Fundac\u0327a\u0303o Iber\u00ea Camargo, em sua sede, atende aos art.23 e art.27 da Lei de Acessibilidade (Decreto-lei 5296, leis 10.048 e 10.098), e em conson\u00e2ncia com o prescrito nos artigos 41 e 42 da Lei 13.146\/2015, disponibiliza aos portadores de necessidades especiais e idosos rampas de acesso aos pavimentos expositivos e de servic\u0327os (audito\u0301rio, cafe\u0301, atelie\u0302, loja), elevadores com sinalizac\u0327a\u0303o em braile para acesso ao estacionamento, espac\u0327os expositivos, audito\u0301rio, cafe\u0301, ateli\u00ea, loja; sanita\u0301rios adaptados em todos os andares, ale\u0301m de cadeiras de rodas (duas) a\u0300 disposic\u0327a\u0303o do pu\u0301blico que requisitar seu uso. Acessibilidade para deficientes visuais: - Sinaliza\u00e7\u00e3o em braile nos elevadores, espa\u00e7os expositivos, audit\u00f3rio, caf\u00e9, ateli\u00ea e loja Acessibilidade para deficientes auditivos - mediante agendamento pr\u00e9vio, ser\u00e3o realizadas visitas mediadas com int\u00e9rprete de libras para pessoas com defici\u00eancia auditiva, para todas as atividades previstas no projeto. Produto \u201cBolsa\u201d Acessibilidade f\u00edsica: A Fundac\u0327a\u0303o Iber\u00ea Camargo, em sua sede, atende aos art.23 e art.27 da Lei de Acessibilidade (Decreto-lei 5296, leis 10.048 e 10.098), e em conson\u00e2ncia com o prescrito nos artigos 41 e 42 da Lei 13.146\/2015, disponibiliza aos portadores de necessidades especiais e idosos rampas de acesso aos pavimentos expositivos e de servic\u0327os (audito\u0301rio, cafe\u0301, atelie\u0302, loja), elevadores com sinalizac\u0327a\u0303o em braile para acesso ao estacionamento, espac\u0327os expositivos, audito\u0301rio, cafe\u0301, ateli\u00ea, loja; sanita\u0301rios adaptados em todos os andares, ale\u0301m de cadeiras de rodas (duas) a\u0300 disposic\u0327a\u0303o do pu\u0301blico que requisitar seu uso. Acessibilidade para deficientes visuais: Caso a bolsa seja concedida a um artista portador de defici\u00eancia visual, mediante solicita\u00e7\u00e3o, um monitor ser\u00e1 colocado \u00e0 disposi\u00e7\u00e3o para fazer o acompanhamento do artista durante o per\u00edodo de realiza\u00e7\u00e3o dos trabalhos de pesquisa. Obs.: custo incluido no produto \"Plano Anual\" Acessibilidade para deficientes auditivos: Caso a bolsa seja concedida a um artista portador de defici\u00eancia auditiva, mediante solicita\u00e7\u00e3o, um int\u00e9rprete de libras ser\u00e1 colocado \u00e0 disposi\u00e7\u00e3o para fazer o acompanhamento do artista durante o per\u00edodo de realiza\u00e7\u00e3o dos trabalhos de pesquisa. Obs.: custo incluido no produto \"Plano Anual\" Produto \u201cPreserva\u00e7\u00e3o de acervo cultural\u201d Acessibilidade f\u00edsica: A Fundac\u0327a\u0303o Iber\u00ea Camargo, em sua sede, atende aos art.23 e art.27 da Lei de Acessibilidade (Decreto-lei 5296, leis 10.048 e 10.098), e em conson\u00e2ncia com o prescrito nos artigos 41 e 42 da Lei 13.146\/2015, disponibiliza aos portadores de necessidades especiais e idosos rampas de acesso aos pavimentos expositivos e de servic\u0327os (audito\u0301rio, cafe\u0301, atelie\u0302, loja), elevadores com sinalizac\u0327a\u0303o em braile para acesso ao estacionamento, espac\u0327os expositivos, audito\u0301rio, cafe\u0301, ateli\u00ea, loja; sanita\u0301rios adaptados em todos os andares, ale\u0301m de cadeiras de rodas (duas) a\u0300 disposic\u0327a\u0303o do pu\u0301blico que requisitar seu uso. Acessibilidade para deficientes visuais: N\u00e3o se aplica. Servi\u00e7o interno ao qual o p\u00fablico n\u00e3o ter\u00e1 acesso. Acessibilidade para deficientes auditivos: N\u00e3o se aplica. Servi\u00e7o interno ao qual o p\u00fablico n\u00e3o ter\u00e1 acesso. Produto \u201cExposi\u00e7\u00e3o de Artes\u201d Acessibilidade f\u00edsica: A Fundac\u0327a\u0303o Iber\u00ea Camargo, em sua sede, atende aos art.23 e art.27 da Lei de Acessibilidade (Decreto-lei 5296, leis 10.048 e 10.098), e em conson\u00e2ncia com o prescrito nos artigos 41 e 42 da Lei 13.146\/2015, disponibiliza aos portadores de necessidades especiais e idosos rampas de acesso aos pavimentos expositivos e de servic\u0327os (audito\u0301rio, cafe\u0301, atelie\u0302, loja), elevadores com sinalizac\u0327a\u0303o em braile para acesso ao estacionamento, espac\u0327os expositivos, audito\u0301rio, cafe\u0301, ateli\u00ea, loja; sanita\u0301rios adaptados em todos os andares, ale\u0301m de cadeiras de rodas (duas) a\u0300 disposic\u0327a\u0303o do pu\u0301blico que requisitar seu uso. Acessibilidade para deficientes visuais: - Legendas em braile para as obras das exposi\u00e7\u00f5es; Acessibilidade para deficientes auditivos - Tradu\u00e7\u00e3o em libras para todo eventual conte\u00fado sonoro que venha a ser apresentado nas exposi\u00e7\u00f5es; Produto \u201cOficina\/Workshop\/Semin\u00e1rio\/Audiovisual\u201d (projeto: Atelier de Gravura) Acessibilidade f\u00edsica: A Fundac\u0327a\u0303o Iber\u00ea Camargo, em sua sede, atende aos art.23 e art.27 da Lei de Acessibilidade (Decreto-lei 5296, leis 10.048 e 10.098), e em conson\u00e2ncia com o prescrito nos artigos 41 e 42 da Lei 13.146\/2015, disponibiliza aos portadores de necessidades especiais e idosos rampas de acesso aos pavimentos expositivos e de servic\u0327os (audito\u0301rio, cafe\u0301, atelie\u0302, loja), elevadores com sinalizac\u0327a\u0303o em braile para acesso ao estacionamento, espac\u0327os expositivos, audito\u0301rio, cafe\u0301, ateli\u00ea, loja; sanita\u0301rios adaptados em todos os andares, ale\u0301m de cadeiras de rodas (duas) a\u0300 disposic\u0327a\u0303o do pu\u0301blico que requisitar seu uso. Acessibilidade para deficientes visuais: N\u00e3o se aplica. Servi\u00e7o interno ao qual o p\u00fablico n\u00e3o ter\u00e1 acesso. Acessibilidade para deficientes auditivos: N\u00e3o se aplica. Servi\u00e7o interno ao qual o p\u00fablico n\u00e3o ter\u00e1 acesso. Produto \u201cFestival\/Mostra \u2013 Audiovisual\u201d (projeto: Cine Iber\u00ea) Acessibilidade f\u00edsica: A Fundac\u0327a\u0303o Iber\u00ea Camargo, em sua sede, atende aos art.23 e art.27 da Lei de Acessibilidade (Decreto-lei 5296, leis 10.048 e 10.098), e em conson\u00e2ncia com o prescrito nos artigos 41 e 42 da Lei 13.146\/2015, disponibiliza aos portadores de necessidades especiais e idosos rampas de acesso aos pavimentos expositivos e de servic\u0327os (audito\u0301rio, cafe\u0301, atelie\u0302, loja), elevadores com sinalizac\u0327a\u0303o em braile para acesso ao estacionamento, espac\u0327os expositivos, audito\u0301rio, cafe\u0301, ateli\u00ea, loja; sanita\u0301rios adaptados em todos os andares, ale\u0301m de cadeiras de rodas (duas) a\u0300 disposic\u0327a\u0303o do pu\u0301blico que requisitar seu uso. Acessibilidade para deficientes visuais: Ao longo do per\u00edodo de dura\u00e7\u00e3o do projeto, 04 filmes ser\u00e3o acompanhados de \u00e1udiodescri\u00e7\u00e3o. Obs.: custo incluido no produto \"Plano Anual\" Acessibilidade para deficientes auditivos: Todos os filmes apresentados ser\u00e3o legendados. Ao longo do per\u00edodo de dura\u00e7\u00e3o do projeto, 04 filmes ser\u00e3o acompanhados de int\u00e9rprete de libras. Produto \u201cContrapartidas Sociais\u201d Acessibilidade f\u00edsica: A Fundac\u0327a\u0303o Iber\u00ea Camargo, em sua sede, atende aos art.23 e art.27 da Lei de Acessibilidade (Decreto-lei 5296, leis 10.048 e 10.098), e em conson\u00e2ncia com o prescrito nos artigos 41 e 42 da Lei 13.146\/2015, disponibiliza aos portadores de necessidades especiais e idosos rampas de acesso aos pavimentos expositivos e de servic\u0327os (audito\u0301rio, cafe\u0301, atelie\u0302, loja), elevadores com sinalizac\u0327a\u0303o em braile para acesso ao estacionamento, espac\u0327os expositivos, audito\u0301rio, cafe\u0301, ateli\u00ea, loja; sanita\u0301rios adaptados em todos os andares, ale\u0301m de cadeiras de rodas (duas) a\u0300 disposic\u0327a\u0303o do pu\u0301blico que requisitar seu uso. Acessibilidade para deficientes visuais: N\u00e3o se aplica, j\u00e1 que o som \u00e9 o aspecto intelig\u00edvel determinante das palestras. Acessibilidade para deficientes auditivos: Todas as palestras contar\u00e3o com int\u00e9rprete de libras.","objetivos":"OBJETIVO GERAL:O objetivo maior e geral do projeto \u00e9 garantir a manuten\u00e7\u00e3o da Funda\u00e7\u00e3o Iber\u00ea Camargo, que vem se firmando como um centro de reverbera\u00e7\u00e3o art\u00edstica dedicado \u00e0 obra de Iber\u00ea Camargo e \u00e0 reflex\u00e3o sobre arte moderna e contempor\u00e2nea, em suas mais diversas formas, com abertura \u00e0 diversidade de linguagens. Com essa finalidade, elabora uma programa\u00e7\u00e3o transdisciplinar que tem como ponto de partida a vida e a obra de Iber\u00ea Camargo.A Funda\u00e7\u00e3o promove a obra de Iber\u00ea no Brasil e no mundo: em sua sede, refer\u00eancia arquitet\u00f4nica e cultural de Porto Alegre, mant\u00e9m e exp\u00f5e o maior acervo de Iber\u00ea Camargo do pa\u00eds, realiza mostras de artistas locais, nacionais e internacionais ligados \u00e0 arte moderna e contempor\u00e2nea, promove atividades interdisciplinares que estimulam o contato do p\u00fablico com m\u00faltiplas express\u00f5es art\u00edsticas. Por meio de um amplo programa educativo, a Funda\u00e7\u00e3o realiza a\u00e7\u00f5es interativas que buscam desenvolver o senso cr\u00edtico e inspirar pessoas de todas as idades.Busca a amplia\u00e7\u00e3o das possibilidades de uso da estrutura existente atrav\u00e9s de programa\u00e7\u00e3o cultural de multilinguagens como ciclos de cinema, apresenta\u00e7\u00f5es musicais, programas de performance, workshops, cursos, semin\u00e1rios, atrav\u00e9s de parcerias com outras organiza\u00e7\u00f5es, mantendo o selo de qualidade dos produtos culturais e da programa\u00e7\u00e3o oferecida pela Funda\u00e7\u00e3o Iber\u00ea Camargo, atentando para que seu alcance seja cada vez mais amplo e democr\u00e1tico. O projeto objetiva, ainda, o aprimoramento do projeto de Comunica\u00e7\u00e3o, com o intuito de ampliar o atingimento do p\u00fablico visitante.OBJETIVOS ESPEC\u00cdFICOS:Est\u00e3o previstos nessa readequa\u00e7\u00e3o o atingimento dos seguintes objetivos espec\u00edficos:1. Realiza\u00e7\u00e3o de 12 (doze) exposi\u00e7\u00f5es de pequeno porte, s\u00e9rie DI\u00c1LOGO COM IBER\u00ca, sendo 04 (quatro) a cada ano, a partir de um recorte conceitual apresentado por um curador convidado (produto Exposi\u00e7\u00f5es de Artes);2. Realiza\u00e7\u00e3o de 06 (seis) exposi\u00e7\u00f5es de m\u00e9dio porte, sendo 02 (duas) a cada ano, considerando eventuais parcerias envolvendo montagens\/remontagens itinerantes de artistas\/cole\u00e7\u00f5es de renome nacional e internacional (produto Exposi\u00e7\u00f5es de Artes);3. Realiza\u00e7\u00e3o de 03 (tr\u00eas) exposi\u00e7\u00f5es de grande porte, com abrang\u00eancia internacional, sendo 01 (uma) a cada ano, em regime de co-parceira institucional (produto Exposi\u00e7\u00f5es de Artes);4. Realiza\u00e7\u00e3o do Programa de Media\u00e7\u00e3o dedicado a escolas, universidades e visitantes;5. Realiza\u00e7\u00e3o de 18 (dezoito) ateli\u00eas de gravura (sendo um atelier a cada bimestre), com artista de renome nacional e\/ou internacional, selecionado por um conselho curador. Este programa prev\u00ea? o processo de cria\u00e7\u00e3o, concep\u00e7\u00e3o, al\u00e9m da produ\u00e7\u00e3o das gravuras, utilizando as mais variadas t\u00e9cnicas, no ateli\u00ea existente na Funda\u00e7\u00e3o;6. Oferta de 06 (seis) bolsas IBER\u00ca CAMARGO (uma a cada semestre) voltada para jovens artistas. Este projeto prop\u00f5e um processo de pesquisa e investiga\u00e7\u00e3o no acervo que re\u00fane a obra de Iber\u00ea Camargo durante 30 dias (produto Bolsa);7. Realiza\u00e7\u00e3o do programaCINE? IBERE? que promove a exibi\u00e7\u00e3o de filmes no audit\u00f3rioda Funda\u00e7\u00e3o Iber\u00ea Camargo, em programa\u00e7\u00e3o paralela aos projetos expositivos. T\u00edtulo raros, sem distribui\u00e7\u00e3o no circuito comercial, cinematografias regionais e tem\u00e1ticas s\u00e3o selecionadas a partir dos conte\u00fados abordados nas mostras de arte, com proje\u00e7\u00f5es seguidas de sess\u00f5es comentadas por convidados variados, do cinema e de outras \u00e1reas. S\u00e3o tr\u00eas sess\u00f5es mensais, sempre aos domingos (produto Festival\/Mostra audiovisual);8. Dar sequ\u00eancia aotrabalho de CONSERVA\u00c7\u00c3O DO ACERVO da institui\u00e7\u00e3o, \u00e0 realiza\u00e7\u00e3o de pesquisas sobre obra do artista Iber\u00ea Camargo, \u00e0 continuidade do trabalho de mapeamento das obras externas, a? manuten\u00e7\u00e3o e expans\u00e3o do Centro de Documenta\u00e7\u00e3o (produto Preserva\u00e7\u00e3o de acervo cultural);9. Amplia\u00e7\u00e3o do programade CONTRAPARTIDA SOCIAL (produto Contrapartida Social), que visa o atendimento de estudantes, professores e visitantes em geral, atentando sempre para que a programa\u00e7\u00e3o e os objetivos culturais da Funda\u00e7\u00e3o Iber\u00ea Camargo tenham um alcance ainda maior e mais democr\u00e1tico. Esse programa prev\u00ea, ao longo dos tr\u00eas anos de dura\u00e7\u00e3o do projeto, a realiza\u00e7\u00e3o de 18 palestras com artistas, educadores e pesquisadores convidados das mais diversas \u00e1reas relacionadas \u00e0s exposi\u00e7\u00f5es em cartaz ou envolvidos em pesquisas desenvolvidas pelos demais setores da institui\u00e7\u00e3o.Al\u00e9m dessas atividades, a Funda\u00e7\u00e3o Iber\u00ea Camargo seguir\u00e1 com suas atividades rotineiras que inclui:- PROGRAMA EDUCATIVO IBER\u00ca que oferece, aos finais de semana, uma s\u00e9rie de atividades educativas dirigidas a todos os p\u00fablicos das mais diversas faixas et\u00e1rias e tem como objetivo principal aproximar a popula\u00e7\u00e3o do espa\u00e7o cultural, a fim de constituir e formar um p\u00fablico que tenha acesso \u00e0s diferentes linguagens art\u00edsticas, em especial, as artes visuais. O programa promove o estudo e a divulga\u00e7\u00e3o da obra de Iber\u00ea Camargo e busca aproximar o p\u00fablico da arte moderna e contempor\u00e2nea. Atua na forma\u00e7\u00e3o de mediadores e denovos profissionais para o campo da arte, realiza visitas mediadas e t\u00e9cnicas, oficinas e encontros de orienta\u00e7\u00e3o para educadores. S\u00e3o propostas tamb\u00e9m atividades de artes integradas e debates sobre temas ligados \u00e0 arte e \u00e0 cultura.- PROJETO SALA DE LEITURA, que visa estruturar, no \u00e1trio da Funda\u00e7\u00e3o Iber\u00ea Camargo, um espa\u00e7o aberto ao p\u00fablico para pesquisa e consulta de publica\u00e7\u00f5es com enfoque art\u00edstico;- WORKSHOPS com artistas, educadores e pesquisadores convidados das mais diversas \u00e1reas relacionadas \u00e0s exposi\u00e7\u00f5es em cartaz e pesquisas desenvolvidas pelos demais setores da institui\u00e7\u00e3o.","justificativa":"A partir da reestrutura\u00e7\u00e3o dos processos internos e diretrizes, que se deu de 2018 a 2020, a Funda\u00e7\u00e3o Iber\u00ea retomou as suas atividades usuais voltando a abrir ao p\u00fablico de ter\u00e7a a domingo em hor\u00e1rio regular e, se consolidou no cen\u00e1rio art\u00edstico, oferecendo uma programa\u00e7\u00e3o diversificada que perpassa e conecta as artes visuais \u00e0s mais diferentes manifesta\u00e7\u00f5es culturais, como m\u00fasica, cinema, performance, arquitetura, design, moda e literatura.A programa\u00e7\u00e3o do tri\u00eanio 2021\/2022\/2023 segue com a proposta de uma maior interse\u00e7\u00e3o entre os recortes curatoriais a serem abordados dentre os formatos propostos e os eixos que estruturam o programa educativo implantado. Toda programac?a?o vem sendo constru\u00edda cuidadosamente em conjunto com o Programa Educativo, visando contribuir de forma ampla para a formac?a?o de educadores, estudantes e diferentes p\u00fablicos, refor\u00e7ando a atua\u00e7\u00e3o cont\u00ednua de programas como: Atelie? de Gravura e Bolsa Ibere? Camargo, bem como investindo na manutenc?a?o, conservac?a?o e preservac?a?o do Acervo de Obras e Documental; exibi\u00e7\u00f5es de filmes semin\u00e1rios e mini-cursos.A programac?a?o tem in\u00edcio no ano de 2021 e prev\u00ea as seguintes atividades:No m\u00eas de fevereiro, \u00e9 dado in\u00edcio \u00e0 programa\u00e7\u00e3o com um recorte expositivo de pequeno porte refor\u00e7ando de forma cont\u00ednua um di\u00e1logo da obra do Iber\u00ea com a produ\u00e7\u00e3o contempor\u00e2nea. A partir da curadoria trazida, lan\u00e7amos o programa educativo e suas a\u00e7\u00f5es.No m\u00eas de mar\u00e7o, a Funda\u00e7\u00e3o acolhe o Pr\u00eamio Ind\u00fastria Nacional Marcoantonio Vila\u00e7a para as Artes. Ainda do primeiro trimestre, \u00e9 feita a sele\u00e7\u00e3o de projetos por edital e os ateliers de gravura, bem como abrimos os espa\u00e7os para a realiza\u00e7\u00e3o da Bienal do Mercosul. \u00c9 importante destacar que as a\u00e7\u00f5es do educativo seguem em compasso com o recorte conceitual trazido com a edi\u00e7\u00e3o da Bienal. No m\u00eas de abril, seguimos com a proposta de ocupa\u00e7\u00e3o apresentando uma nova mostra de pequeno porte, por meio de um curador convidado, e seguimos a pr\u00e9-produ\u00e7\u00e3o de uma segunda proposta de resid\u00eancia art\u00edstica para o atelier de gravura. Nesse mesmo per\u00edodo, avan\u00e7amos tamb\u00e9m com a pr\u00e9-produ\u00e7\u00e3o da exposi\u00e7\u00e3o de grande porte.Seguimos no segundo trimestre com a proposta de ocupa\u00e7\u00e3o, apresentando uma nova mostra de pequeno porte por meio de um curador convidado, al\u00e9m de abrigarmos o Festival Internacional de Fotografia de Porto Alegre _ Festfoto e o programa Noite dos Museus, festivais importantes no calend\u00e1rio oficial da cidade. Seguimos, ainda, com a pr\u00e9-produ\u00e7\u00e3o de uma segunda proposta de resid\u00eancia art\u00edstica para o atelier de gravura. Nesse mesmo per\u00edodo, avan\u00e7amos concomitantemente com a pr\u00e9-produ\u00e7\u00e3o de uma exposi\u00e7\u00e3o de grande porte.Abrimos o segundo semestre, realizando a terceira mostra de pequeno porte e a primeira exposi\u00e7\u00e3o prevista de m\u00e9dio porte. E, simultaneamente, lan\u00e7amos a sele\u00e7\u00e3o de projetos por edital. Ao longo do quarto bimestre, j\u00e1 avan\u00e7amos com a pr\u00e9-produ\u00e7\u00e3o da pen\u00faltima mostra de pequeno porte.Caminhando para o encerramento da programa\u00e7\u00e3o para o ano de 2021, oferecemos uma s\u00e9rie de atividades voltadas para o per\u00edodo das f\u00e9rias de ver\u00e3o propondo uma correla\u00e7\u00e3o entre artes visuais, m\u00fasica, moda e gastronomia. A programa\u00e7\u00e3o acima descrita \u00e9 integralmente replicada nos anos de 2022 e 2023.Ser\u00e3o realizados cat\u00e1logos digitais para todas as exposi\u00e7\u00f5es, a serem disponibilizados online para download na p\u00e1gina oficial iberecamargo.org.brO Programa Educativo, reposicionado, e? um dos principais focos da instituic?a?o e est\u00e1 inter-relacionado com toda a programa\u00e7\u00e3o. Arte e Educa\u00e7\u00e3o juntas tem uma pot\u00eancia desviante, imaginativa e cr\u00edtica, e os programas p\u00fablicos s\u00e3o pensados como a\u00e7\u00f5es que n\u00e3o apenas utilizam os espa\u00e7os da Funda\u00e7\u00e3o Iber\u00ea Camargo, mas que tamb\u00e9m ativam suas especificidades e potencialidades.O Programa de Media\u00e7\u00e3o \u00e9 respons\u00e1vel por receber os visitantes e alunos para visitas \u00e0s exposi\u00e7\u00f5es, que sa?o acompanhados por mediadores treinados.O Programa Atelie? de Gravura segue no tri\u00eanio 2021\/2022\/2023, a partir de processo seletivo. O mesmo segue objetivando um trabalho de imers\u00e3o e produc?a?o de gravuras em metal na prensa que pertenceu a Ibere? Camargo. Ao todo ser\u00e3o 12 (doze) artistas selecionados especialmente para o projeto. Os artistas participam, tamb\u00e9m, de uma conversa com o pu?blico sobre seu trabalho e experie?ncia. A equipe do Atelie? executa as tiragens das gravuras criadas, fazendo uso permanente dos materiais e do espac?o de trabalho.A Bolsa Ibere? Camargo e? um programa de grande presti?gio entre a comunidade arti?stica. Para o tri\u00eanio 2021\/2022\/2023, a instituic?a?o renovar\u00e1 o edital, visando ampliar sua atuac?a?o atrave?s de seu Acervo. O objetivo e? fomentar trabalhos de maior adensamento na obra de Ibere?. O edital premiara? um selecionado a cada ano, podendo este ser nacional ou estrangeiro, com uma ?bolsa de resid\u00eancia? de um m\u00eas no Acervo da sede, em Porto Alegre.O Acervo art\u00edstico, com mais de 5.000 itens e 20.000 documentos relacionados a? vida e histo?ria do artista, tem como principal objetivo a preserva\u00e7\u00e3o desse material para as futuras gera\u00e7\u00f5es. Garante as melhores condic?o?es de armazenamento e monitoramento para mante?-lo estabilizado. A equipe executa laudos t\u00e9cnicos de estado de conserva\u00e7\u00e3o, fornece informac?o?es te?cnicas e reprodu\u00e7\u00f5es das obras de Ibere?, sejam do Acervo ou na?o, atrave?s de uma Base de Dados constantemente atualizada. Mant\u00e9m, ainda, o Acervo Digital, plataforma online que serve como estudo avanc?ado e detalhado de seus fundos arti?stico e documental, disponibilizado para consultas gratuitas atrave?s do site da instituic?a?o, democratizando a informac?a?o e trazendo ao conhecimento do pu?blico um reperto?rio nunca visto em exposic?o?es. Atende tamb\u00e9m a estudantes de cursos avan\u00e7ados e ao pu?blico pesquisador interessado na produc?a?o art\u00edstica e nos arquivos histo?ricos do artista, e realiza mapeamento de obras externas a seu acervo, no intuito de rastrear e catalogar a produc?a?o completa de Ibere? Camargo. O projeto de Comunicac?a?o amplia o alcance das ac?o?es da instituic?a?o e tem como base um planejamento estrate?gico de longo prazo e um plano t\u00e1tico que envolve materiais impressos, mi?dias digitais e redes sociais, assessoria de imprensa e desenvolvimento de conteu?do de divulgac?a?o para aplicativos, novas plataformas digitais, posts para facebook, vi?deos para youtube e igtv, links para spotfy, al\u00e9m de banners e sinalizac?a?o nas exposic?o?es, publicac?o?es, site, clipagem e relato?rios. Suportando a institui\u00e7\u00e3o e sua programa\u00e7\u00e3o cultural ha? uma estrutura que inclui equipes permanentes (gesta?o, acervo, educativo, atelie?, comunicac?a?o, financeiro) e equipes terceirizadas de vigila?ncia privada (24h), de conserva\u00e7\u00e3o, reparo e manutenc?a?o predial, controle de acesso, automac?a?o, manutenc?a?o de sistemas, elevadores e do equipamento de climatizac?a?o especial e prevenc?a?o de ince?ndio.Cumpre ainda destacar que o projeto est\u00e1 em conson\u00e2ncia com os incisos do artigo 1\u00ba da Lei 8.313\/91, al\u00e9m de fomentar a produ\u00e7\u00e3o cultural e art\u00edstica, mediante a realiza\u00e7\u00e3o de diversas exposi\u00e7\u00f5es realizadas ao longo de todo o ano de 2019.","etapa":"A programa\u00e7\u00e3o cultural do per\u00edodo 2021\/2022\/2023 tem dire\u00e7\u00e3o art\u00edstica de Emilio Kalil, por vezes acompanhado por curadores convidados. As caracter\u00edsticas de cada mostra dependem do detalhamento do projeto curatorial e seu recorte conceitual, incluindo lista de obras, projeto expogr\u00e1fico, emprestadores, textos cr\u00edticos e curatoriais, fornecedores e projeto gra?fico. Esses itens tera?o sua versa?o definitiva ao longo da execu\u00e7\u00e3o do projeto. A equipe interna da Funda\u00e7\u00e3o executa continuamente a programa\u00e7\u00e3o, o planejamento operacional e de custos e o estudo de viabilidade dos projetos propostos pelo Curador Residente, aprovados pela Diretoria e aqui apresentados em esta?gio mais maduro, de pre?-produc?a?o. Em termos gerais, a pre?-produc?a?o tem ini?cio de 15 a 12 meses antes da abertura da exposic?a?o; a produc?a?o em torno de 6 meses e a divulgac?a?o 3 meses antes da abertura. O processo segue o percurso abaixo descrito e se sobrepo?e temporalmente, ja? que uma exposic?a?o \u00e9 apresentada imediatamente apo?s o t\u00e9rmino da outra, criando um fluxo cont\u00ednuo de etapas de pre?-produc?a?o, produc?a?o e divulgac?a?o: PRE?-PRODUC?A?O Realizada ininterruptamente, durante todo o per\u00edodo de dura\u00e7\u00e3o do projeto (36 meses)a. Execuc?a?o de relac?o?es institucionais e contatos com artistas e curadores;b. Ajustes nos custos previstos e contratac?a?o de produtor;c. Pesquisa bibliogra?fica e iconogra?fica sobre os artistas;d. Aceite do projeto, ana?lise e assinatura de contrato com curador, artista, e instituic?a?o parceira (quando cabi?vel);e. Selec?a?o de obras e envio de formula?rio de empre?stimo aos colecionadores;f. Pagamento de taxas de empre?stimo de obras (quando necess\u00e1rio), taxas de direitos de uso de imagens ou de textos de terceiros;g. Publicac?a?o da programac?a?o no site da instituic?a?o;h. Cotac?a?o e contratac?a?o de seguro de obras e transportadora;i. Contratac?a?o de arquiteto para elaborac?a?o de projeto expogra?fico;j. Contratac?a?o de equipe de montagem especializada em obras de arte;k. Contratac?a?o de designer para desenvolvimento do projeto gra?fico, comunica\u00e7\u00e3o visual e editorial (cat\u00e1logo, material educativo, folder, convite, legendas, banner, textos de parede, sinalizac?a?o);l. Desenvolvimento de conteu?do para materiais educativos, atividades e oficinas a serem desenvolvidas para cada exposic?a?o;m. Desenvolvimento dos conteu?dos textuais de autoria dos curadores, dos cri?ticos de arte, para o cata?logo; ETAPA DE PRODUC?A?O E DIVULGAC?A?O Realizada em conjunto, ininterruptamente, durante todo o per\u00edodo de dura\u00e7\u00e3o do projeto (36 meses)a. Embalagem e coleta das obras por agente transportador;b. Contratac?a?o de revisor e tradutor de textos para material dida?tico, textos de parede, legendas, folder;c. Contratac?a?o de gra?fica para impressa?o das pec?as gra?ficas;d. Entrega do conteu?do para impress\u00e3o das pec?as gra?ficas, elaborado pela curadoria da exposic?a?o, cri?ticos contratados, equipe de produc?a?o, equipe do programa educativo e equipe de comunicac?a?o;e. Entrega de projeto expogra?fico;f. Contratac?a?o de fornecedores de materiais para montagem e cenografia;g. Organizac?a?o de materiais de divulgac?a?o, gera\u00e7\u00e3o de conteu?dos para o site e para a imprensa;h. Organizac?a?o operacional da montagem da exposic?a?o, incluindo ordem de instalac?a?o e localizac?a?o das obras, listagem de couriers, preparac?a?o do espac?o expositivo;i. Emissa?o de passagens, hospedagens e dia?rias para curador, couriers e artistas;j. Envio de convites por e-mail;k. Execuc?a?o da expografia no espac?o;l. Impressa?o de cata?logos e material gra?fico (material educativo, banner, convite, etc.);m. Elabora\u00e7\u00e3o de laudos te?cnicos de entrada;n. Instalac?a?o das obras;o. Publicac?a?o de informac?o?es detalhadas no site da instituic?a?o (imagens, entrevistas, noti?cias e bastidores);p. Chegada do material gra?fico finalizado (lan\u00e7amento do cata?logo na abertura das exposic?\u00f5es);q. Divulgac?a?o da exposic?a?o junto a? imprensa (mi?dia esponta?nea);r. Abertura da exposic?a?o;s. Peri?odo de visitac?a?o e manutenc?a?o do espac?o expositivo (conservac?a?o);t. T\u00e9rmino da exposic?a?o e ini?cio da desmontagem, com chegada de couriers para acompanhamento da embalagem das obras;u. Execuc?a?o dos laudos te?cnicos de sai?da das obras;v. Embalagem e envio das obras de volta aos colecionadores;w. Prestac?a?o de contas da exposic?a?o. A\u00c7\u00d5ES PROGRAMADAS PARA O ANO DE 2021EXPOSI\u00c7\u00d5ES- 04 EXPOSI\u00c7\u00d5ES DE PEQUENO PORTE | 02 meses de dura\u00e7\u00e3o cada- 02 EXPOSI\u00c7\u00d5ES DE M\u00c9DIO PORTE | 02 meses de dura\u00e7\u00e3o cada- 01 EXPOSI\u00c7\u00d5ES DE GRANDE PORTE | 03 meses de dura\u00e7\u00e3oAl\u00e9m do trabalho rotineiro de manuten\u00e7\u00e3o, s\u00e3o realizadas atividades de an\u00e1lise do estado das obras do acervo e avalia\u00e7\u00e3o da necessidade de restaura\u00e7\u00e3o, aquisi\u00e7\u00e3o de material para acondicionamento e higieniza\u00e7\u00e3o de obras e documentos. As atividades s\u00e3o realizadas de forma cont\u00ednua e os dados gerados alimentam permanentemente o banco de dados e o acervo digital da institui\u00e7\u00e3o. BOLSA IBERE? CAMARGO- M\u00eas 01 \u2013 Preparac?a?o do edital > ana?lise do edital pela diretoria da Funda\u00e7\u00e3o; Ajustes e ana?lise juri?dica; Aprovac?a?o final do edital para a Bolsa Ibere? Camargo 2021; - M\u00eas 02 \u2013 Criac?a?o e impressa?o de folder eletro?nico de divulgac?a?o; criac?a?o e envio de email marketing do programa e instruc?o?es para participac?a?o do edital;- M\u00eas 03 - Per\u00edodo de inscri\u00e7\u00f5es;- M\u00eas 04 \u2013 Cadastramento e pr\u00e9- aprova\u00e7\u00e3o dos candidatos (fase eliminat\u00f3ria); > Sele\u00e7\u00e3o do contemplado e divulga\u00e7\u00e3o do vencedor da Bolsa Ibere? Camargo, elaborac?a?o do Termo de compromisso.- M\u00eas 05 a M\u00eas 12 - Peri?odo de execuc?a?o da Bolsa.EDITAIS DE OCUPA\u00c7\u00c3O | 04 EXPOSI\u00c7\u00d5ES DE OBRAS RESULTANTES DOS EDITAIS: 02 meses de dura\u00e7\u00e3o cada.- M\u00eas 01 e 02 - EXPOSI\u00c7\u00c3O EDITAL 1- M\u00eas 04 e 05 - EXPOSI\u00c7\u00c3O EDITAL 2- M\u00eas 07 e 08 - EXPOSI\u00c7\u00c3O EDITAL 3- M\u00eas 10 e 11 - EXPOSI\u00c7\u00c3O EDITAL 4 A\u00c7\u00d5ES PROGRAMADAS PARA O ANO DE 2022EXPOSI\u00c7\u00d5ES- 04 EXPOSI\u00c7\u00d5ES DE PEQUENO PORTE | 02 meses de dura\u00e7\u00e3o cada;- 02 EXPOSI\u00c7\u00d5ES DE M\u00c9DIO PORTE | 02 meses de dura\u00e7\u00e3o cada;- 01 EXPOSI\u00c7\u00d5ES DE GRANDE PORTE | 03 meses de dura\u00e7\u00e3o;Ale?m do trabalho rotineiro de manuten\u00e7\u00e3o, sa?o realizadas atividades de ana?lise do estado das obras do acervo e avalia\u00e7\u00e3o da necessidade de restaurac?\u00e3o, aquisic?a?o de material para acondicionamento e higienizac?a?o de obras e documentos. As atividades s\u00e3o realizadas de forma conti?nua e os dados gerados alimentam permanentemente o banco de dados e o acervo digital da instituic?a?o. BOLSA IBERE? CAMARGO- M\u00eas 01 - Preparac?a?o do edital > ana?lise do edital e escopo do projeto e das reside?ncias no Acervo e Ateli\u00ea da Fundac?a?o pela Diretoria; Ajustes e ana?lise juri?dica do edital; Aprovac?a?o final do edital e dos termos juri?dicos para a Bolsa Ibere? Camargo 2022; - M\u00eas 02 - Criac?a?o e impressa?o de folder eletro?nico de divulgac?a?o; criac?a?o e envio de email marketing do programa e instruc?o?es para participac?a?o do edital;- M\u00eas 03 - Peri?odo de inscric?o?es;- M\u00eas 04 - Cadastramento e pre?- aprovac?a?o dos candidatos (fase eliminato?ria); > Selec?a?o do contemplado; > Divulgac?a?o dos contemplados com a Bolsa Ibere? Camargo, elaborac?a?o do Termo de compromisso.- M\u00eas 05 a M\u00eas 13 - Per\u00edodo de execu\u00e7\u00e3o da Bolsa. EDITAIS DE OCUPA\u00c7\u00c3O | 04 EXPOSI\u00c7\u00d5ES DE OBRAS RESULTANTES DOS EDITAIS: 02 meses de dura\u00e7\u00e3o cada.Cronograma previsto para cada ano:- M\u00eas 01 e 02 - EXPOSI\u00c7\u00c3O EDITAL 1;- M\u00eas 04 e 05 - EXPOSI\u00c7\u00c3O EDITAL 2;- M\u00eas 07 e 08 - EXPOSI\u00c7\u00c3O EDITAL 3;- M\u00eas 10 e 11 - EXPOSI\u00c7\u00c3O EDITAL 4. A\u00c7\u00d5ES PROGRAMADAS PARA O ANO DE 2023EXPOSI\u00c7\u00d5ES- 04 EXPOSI\u00c7\u00d5ES DE PEQUENO PORTE | 02 meses de dura\u00e7\u00e3o cada;- 02 EXPOSI\u00c7\u00d5ES DE M\u00c9DIO PORTE | 02 meses de dura\u00e7\u00e3o cada;- 01 EXPOSI\u00c7\u00d5ES DE GRANDE PORTE | 03 meses de dura\u00e7\u00e3oAle?m do trabalho rotineiro de manuten\u00e7\u00e3o, sa?o realizadas atividades de ana?lise do estado das obras do acervo e avalia\u00e7\u00e3o da necessidade de restaurac?\u00e3o, aquisic?a?o de material para acondicionamento e higienizac?a?o de obras e documentos. As atividades s\u00e3o realizadas de forma conti?nua e os dados gerados alimentam permanentemente o banco de dados e o acervo digital da instituic?a?o. BOLSA IBERE? CAMARGO- M\u00eas 01 - Preparac?a?o do edital > ana?lise do edital e escopo do projeto e das reside?ncias no Acervo e Ateli\u00ea da Fundac?a?o pela Diretoria; Ajustes e ana?lise juri?dica do edital; Aprovac?a?o final do edital e dos termos juri?dicos para a Bolsa Ibere? Camargo 2022; - M\u00eas 02 - Criac?a?o e impressa?o de folder eletro?nico de divulgac?a?o; criac?a?o e envio de email marketing do programa e instruc?o?es para participac?a?o do edital;- M\u00eas 03 - Peri?odo de inscric?o?es;- M\u00eas 04 - Cadastramento e pre?- aprovac?a?o dos candidatos (fase eliminato?ria); > Selec?a?o do contemplado; > Divulgac?a?o dos contemplados com a Bolsa Ibere? Camargo, elaborac?a?o do Termo de compromisso.- M\u00eas 05 a M\u00eas 13 - Peri?odo de execuc?a?o da Bolsa.EDITAIS DE OCUPA\u00c7\u00c3O | 04 EXPOSI\u00c7\u00d5ES DE OBRAS RESULTANTES DOS EDITAIS: 02 meses de dura\u00e7\u00e3o cada.Cronograma previsto para cada ano:- M\u00eas 01 e 02 - EXPOSI\u00c7\u00c3O EDITAL 1;- M\u00eas 04 e 05 - EXPOSI\u00c7\u00c3O EDITAL 2;- M\u00eas 07 e 08 - EXPOSI\u00c7\u00c3O EDITAL 3;- M\u00eas 10 e 11 - EXPOSI\u00c7\u00c3O EDITAL 4. P\u00d3S PRODU\u00c7\u00c3O | AVALIA\u00c7A?O DOS RESULTADOS DO PROJETO- Elaborac?a?o do relato?rio final, elaborac?a?o e envio de prestac?a?o de contas ao Ministe?rio do Turismo: 03 meses (dezembro de 2023 a fevereiro de 2024).","ficha_tecnica":"Dire\u00e7\u00e3o Art\u00edstica - EMILIO KALIL EMILIO KALIL, \u00e9 empres\u00e1rio do meio cultural h\u00e1 40 anos. Formado em jornalismo, presidiu o Theatro Municipal do Rio de Janeiro de 1995 a 1999, foi diretor do Teatro Municipal de S\u00e3o Paulo de 1988 a 1992 e atuou como curador e produtor de algumas das mais importantes exposi\u00e7\u00f5es realizadas no Brasil nos \u00faltimos anos: a MOSTRA DO DESCOBRIMENTO, em comemora\u00e7\u00e3o ao anivers\u00e1rio de 500 anos do descobrimento do Brasil, PARADE, com o acervo do Centre Georges Pompidou \u2013 Paris, 500 ANOS DE ARTE RUSSA, com o acervo do State Russian Museum, CHINA \u2013 OS GUERREIROS DE XI\u2019AN E OS TESOUROS DA CIDADE PROIBIDA, com acervo do Palace Museum e Shaanxi Province, A BIGGER SPLASH, com acerto da TATE Gallery de Londres, PICASSO, UMA RETROSPECTIVE, dentre tantas outras. Produziu espet\u00e1culos de importantes companhias de dan\u00e7a e de teatro do mundo como Pina Bausch, Merce Cunningham, Trisha Brown, Peter Brook, Th\u00e9\u00e2tre de la Ville, \u00d3pera de Paris, atuou como diretor do Grupo Corpo, a mais importante companhia de dan\u00e7a brasileira, e como diretor de produ\u00e7\u00e3o e de projetos na Bienal de S\u00e3o Paulo. Em 2013 assumiu a presid\u00eancia da Cidade das Artes que, sob sua batuta, ofereceu ao p\u00fablico carioca uma programa\u00e7\u00e3o de alt\u00edssima qualidade, com relevantes eventos culturais nacionais e internacionais. Foi Secret\u00e1rio Municipal de Cultura do Rio de Janeiro de 2011 e 2012. \u00c9 diretor art\u00edstico da 1\u00aa e da 2\u00aa edi\u00e7\u00e3o da Semana de Arte, realizadas em 2017 e 2018, na cidade de S\u00e3o Paulo. \u00c9 superintendente da Funda\u00e7\u00e3o Iber\u00ea Camargo a partir de maio de 2018. Superintend\u00eancia Executiva - ROBSON OUTEIRO ROBSON OUTEIRO \u00e9 diretor da produtora Emp\u00f3rio Empreendimento Art\u00edsticos e Culturais Ltda., e, \u00e0 frente de suas atividades como gestor cultural, respondeu pela: Coordena\u00e7\u00e3o de Cenografia e Eventos Paralelos Internacionais na Associa\u00e7\u00e3o Brasil 500 Anos, nas exposi\u00e7\u00f5es: A - Mostra do Redescobrimento montada pela Associa\u00e7\u00e3o Brasil + 500 nos Pavilh\u00f5es da Bienal, Oca e Pinacoteca - abril a setembro\/2000; B - Itiner\u00e2ncia Nacional - setembro\/2000 a janeiro\/2001: Arte Popular \/ Centro Cultural Banco do Brasil \u2013 DF; Carta de Pero Vaz \/ Sal\u00e3o Negro do Congresso Nacional \u2013 DF; Arte Barroca \/ Museu Nacional de Belas Artes \u2013 RJ; Artes Ind\u00edgenas \/ Museu de Arte Moderna \u2013 RJ; Canga\u00e7o \/ Centro Cultural dos Correios \u2013 RJ; Carta de Pero Vaz \/ Teatro Trianon \u2013 Campos; Imagens do Inconsciente \/ Pa\u00e7o Imperial \u2013 RJ e a Panor\u00e2mica da Mostra \/ Convento das M\u00earces \u2013 MA. A partir de 2001, pela Brasil Connects Cultura, foi respons\u00e1vel pela Coordena\u00e7\u00e3o Executiva de Projetos, respondendo pela elabora\u00e7\u00e3o e o controle or\u00e7ament\u00e1rio das exposi\u00e7\u00f5es: Na Argentina, Arte Popular no Centro Cultural de la Recoleta, Arte Barroca no Museo Nacional de Bellas Artes, Arte Contempor\u00e2nea no MALBA e Imagens do Inconsciente na Fundac\u00edon Proa. No Chile, a mostra Brasil Profundo no Museo Nacional de Bellas Artes de Santiago do Chile. No Reino Unido, a exposi\u00e7\u00e3o Unknown Amazon, montada no British Museum, e a mostra Heroes and Artists Popular Art and the Brazilian Imagination, no Fitzwilliam Museum, em Cambridge. Em Veneza, as exposi\u00e7\u00f5es que apresentaram Carmen Miranda e il Carnevale Brasiliano e Vik Muniz e Ernesto Neto, no Palazzo Fortuny. Ainda pela Brasil Connects Cultura, respondeu pela Produ\u00e7\u00e3o Executiva das seguintes mostras: Parade (2001), 500 Anos de Arte Russa (2002), CHINA: Os Guerreiros de Xi\u2019an e Os Tesouros da Cidade Proibida (2003) e Picasso na Oca (2004) e pelo Gerenciamento das Exposi\u00e7\u00f5es VIS\u00d5ES E ALUMBRAMENTOS \u2013 Fotografia Contempor\u00e2nea Brasileira, que reuniu a cole\u00e7\u00e3o de fotografias do colecionador Joaquim Paiva e, A BIGGER SPLASH \u2013 Arte Brit\u00e2nica da Tate \u2013 1960 a 2003, que apresentou uma sele\u00e7\u00e3o de 109 obras da cole\u00e7\u00e3o TATE. Produ\u00e7\u00e3o Executiva da mostra de galerias SP ARTE (mar\u00e7o\/02), que reuniu os principais dealers do mercado de arte nacional e da exposi\u00e7\u00e3o FASHION PASSION \u2013 100 ANOS DE MODA NA OCA. No Ano de 2005, em parceria com o Gabinete Cultura, colaborou no Gerenciamento e na Produ\u00e7\u00e3o Executiva dos seguintes projetos: Projeto Brasil Brasis \u2013 ANO DO BRASIL NA FRAN\u00c7A 2005: BR\u00c9SIL INDIEN: Les Arts des Am\u00e9ridiens du Br\u00e9sil, Grand Palais (Mar 22 a Jun 27, 2005), FOTOGRAFIA BRASILEIRA \u2013 Miguel Rio Branco, Maison Europ\u00e9enne de la Photographie (Set a Dez, 2005), MAREPE \u2013 Vermelho \u2013 Amarelo \u2013 Azul \u2013 Verde, Centre Georges Pompidou (Set 14, 2005 a Jan 16, 2006), S\u00e3o Paulo: Dinos na OCA e Outros Animais Pr\u00e9-hist\u00f3ricos (Jan 26 a Mai 14, 2006), TANZTHEATER WUPPERTAL PINA BAUSCH - \u201cPara as Crian\u00e7as de Ontem, Hoje e Amanh\u00e3\u201d, no Teatro Alfa - S\u00e3o Paulo (28, 29 e 30 de Ago e 01, 02 e 03 de Set 2006) e no Teatro do Sesi - Porto Alegre (07 e 08 de Set 2006). Chicago: TROPIC\u00c1LIA \u2013 Uma Revolu\u00e7\u00e3o na Cultura Brasileira, no Museu de Arte Contempor\u00e2nea de Chicago (22 de Out a 08 de Jan\/2006). De 2007 a 2010, respondeu pela \u00e1rea de Gest\u00e3o Cultural e Novos Projetos, do Instituto Sangari em parceria com AMNH \u2013 American Museum of Nature History, onde estruturou a \u00e1rea de exposi\u00e7\u00f5es e foi respons\u00e1vel pela realiza\u00e7\u00e3o das seguintes exposi\u00e7\u00f5es: DARWIN NO MASP: gerenciamento e produ\u00e7\u00e3o executiva da mostra no Museu de Arte Assis Chateaubriand - MASP, em S\u00e3o Paulo, de 05 de Mai a 15 de Jul). Curadoria CINE IBER\u00ca - MARTA BIAVASCHI Marta Biavaschi - realizadora e produtora audiovisual. Estudou Jornalismo e Filosofia (PUC\/RS e UNISINOS). S\u00f3cia da Surreal Filmes, onde desenvolve projetos de cinema, televis\u00e3o e artes visuais. Produtora das Mostras de Filmes: O Cinema de B\u00e9la Tarr (Sala P.F. Gastal, 2013), INDIE FESTIVAL \u2013 Mostra Mundial de Cinema Independente - Itiner\u00e2ncia Porto Alegre (Sala P.F. Gastal, 2012), Narrativas e Subjetividades ( Sala P.F. Gastal, 2012) e tamb\u00e9m curadora de Quinta Cinematogr\u00e1fica (Bar Ocidente e UNISINOS, 2000), O Sil\u00eancio em Movimento \u2013 cinema mudo com m\u00fasica ao vivo (Sala Reden\u00e7\u00e3o, cinema universit\u00e1rio da UFRGS,1990). Realizadora dos filmes: Magma (document\u00e1rio, m\u00e9dia-metragem, 2014), Um Ponto ao Sul (document\u00e1rio, curta-metragem, 2011), Mestres em Obra (document\u00e1rio, 2008), A Dan\u00e7a do Pensamento (document\u00e1rio, m\u00e9dia-metragem, 2008), Minha M\u00e3e (fic\u00e7\u00e3o, programa da s\u00e9rie Escritores\/RBSTV, 2007), As Parceiras (fic\u00e7\u00e3o, programa da s\u00e9rie Hist\u00f3rias do Sul\/TVE-RS, 2002), Bola de Fogo (fic\u00e7\u00e3o, m\u00e9dia-metragem,1997), Actio (document\u00e1rio, curta-metragem,1995), e de programas para a televis\u00e3o quando colaborou como o N\u00facleo de Especiais\/RBSTV, de 1999 \u00e0 2010. Atualmente \u00e9 curadora e produtora do Cine Iber\u00ea, programa de cinema da Funda\u00e7\u00e3o Iber\u00ea Camargo. Programa Educativo - LEDA FONSECA P\u00f3s-graduada em Letras, especializa\u00e7\u00e3o em Literatura Brasileira pela Universidade do Estado do Rio de Janeiro e mestrado em Educa\u00e7\u00e3o pela PUC do Rio de Janeiro (2004). Foi coordenadora do projeto Cidade Liter\u00e1ria na Funda\u00e7\u00e3o Cidade das Artes, criando o programa educativo dessa institui\u00e7\u00e3o. Exerceu o cargo de coordenadora de Livro, Leitura e Arte e Educa\u00e7\u00e3o na secretaria Municipal de Cultura da Cidade do Rio de Janeiro. Atuou, de 2005 a 2015, como parecerista do Programa Nacional Biblioteca Escolar, do MEC. Na Secretaria Municipal de Educa\u00e7\u00e3o, exerceu o magist\u00e9rio nas s\u00e9ries iniciais e no Ensino Fundamental 2, como professora de portugu\u00eas. Exerceu os cargos de diretora-adjunta e coordenadora pedag\u00f3gica no CIEP Jose Pedro Varela. Tamb\u00e9m exerceu o magist\u00e9rio no Centro Educacional An\u00edsio Teixeira, como professora de portugu\u00eas e na biblioteca. Tem experi\u00eancia na \u00e1rea de Letras, com \u00eanfase em Literatura, atuando principalmente nos seguintes temas: forma\u00e7\u00e3o de leitores, constitui\u00e7\u00e3o de acervos, media\u00e7\u00e3o da leitura na escola e em bibliotecas, hist\u00f3ria das salas de leitura e bibliotecas p\u00fablicas. Nos \u00faltimos anos (2009 a 2017) criou e coordenou programas de Arte e Educa\u00e7\u00e3o na Secretaria Municipal de Cultura e Funda\u00e7\u00e3o Cidade das Artes. Dirigente: Diretor de Controle (Volunt\u00e1rio): CARLOS C\u00c9SAR PILLA Respons\u00e1vel pelas \u00e1reas financeira, cont\u00e1bil e patrimonial, conforme Estatuto e comprova\u00e7\u00e3o via Ata de Elei\u00e7\u00e3o.","impacto_ambiental":"A sede da Fundac\u0327a\u0303o Ibere\u0302 Camargo e\u0301 um projeto ambientalmente responsa\u0301vel: visando a recuperac\u0327a\u0303o da paisagem original existente nas encostas do terreno, 12.000m2 de a\u0301rea verde foram cedidos formalmente pela Secretaria Municipal do Meio Ambiente; a a\u0301gua da chuva e\u0301 utilizada nos banheiros e uma pequena estac\u0327a\u0303o de tratamento de efluentes faz o tratamento de resi\u0301duos so\u0301lidos e li\u0301quidos no pro\u0301prio local. A a\u0301gua resultante do processo serve para regar a vegetac\u0327a\u0303o do entorno do pre\u0301dio.","especificacao_tecnica":"O projeto pedag\u00f3gico segue em documento anexo ao projeto","estrategia_execucao":"A programa\u00e7\u00e3o do bi\u00eanio 2021\/2022 prev\u00ea uma s\u00e9rie de atividades paralelas, entre semin\u00e1rios, workshops, programas de m\u00fasica e programas de cinema, com artistas, cr\u00edticos, curadores e pesquisadores de diferentes \u00e1reas, de modo a dar conta de debater temas e quest\u00f5es centrais que emergem a partir das exposi\u00e7\u00f5es em cartaz. A programa\u00e7\u00e3o completa destas atividades ser\u00e1 pensada de modo transversal, de forma a potencializar as discuss\u00f5es levantadas pelos projetos curatoriais. Publica\u00e7\u00f5es As 14 exposi\u00e7\u00f5es ser\u00e3o acompanhadas de uma publica\u00e7\u00e3o digital que conter\u00e1 imagens dos trabalhos apresentados, o conceito curatorial da mostra al\u00e9m de textos que relacionam e ampliam as quest\u00f5es presentes nas exposi\u00e7\u00f5es. Entende-se que tal publica\u00e7\u00e3o servir\u00e1 como um material de apoio e de pesquisa para o p\u00fablico fazendo reverberar ainda mais a discuss\u00e3o sobre os temas transdisciplinares que comp\u00f5em as exposi\u00e7\u00f5es.","democratizacao":"O acesso a\u0300 programac\u0327a\u0303o da Fundac\u0327a\u0303o Ibere\u0302 Camargo e\u0301 democratizado atrave\u0301s de va\u0301rias iniciativas que eliminam os custos para o pu\u0301blico e facilitam a divulgac\u0327a\u0303o da programac\u0327a\u0303o e a forma de aproveita\u0301-la: os programas beneficiam escolas das redes pu\u0301blicas municipal e estadual, ale\u0301m de escolas privadas, universidades e comunidade local, atrave\u0301s de agendamento de grupos gratuito, feito pela internet e por telefone. Quando requisitada, a equipe do Programa Educativo esta\u0301 apta a oferecer visitas guiadas e oficinas a grupos com portadores de necessidades especiais, incluindo utilizac\u0327a\u0303o de materiais multisensoriais e interpretes de libras; o conte\u00fado dida\u0301tico do programa educativo \u00e9 ministrado aos professores nos cursos de formac\u0327a\u0303o a cada exposic\u0327a\u0303o; o ingresso a\u0300s exposic\u0327o\u0303es e \u00e0 programa\u00e7\u00e3o paralela e\u0301 gratuito; a participac\u0327a\u0303o em palestras do programa Artista Convidado ao Atelie\u0302 de Gravura e\u0301 gratuita; a inscric\u0327a\u0303o para a Bolsa Ibere\u0302 Camargo e\u0301 feita gratuitamente atrav\u00e9s da internet; a inscri\u00e7\u00e3o no edital de exposi\u00e7\u00e3o \u00e9 gratuita; o acesso \u00e0s rodadas de debates \u00e9 gratuito; toda programac\u0327a\u0303o e\u0301 publicada no site e nas redes sociais e e\u0301 atualizada constantemente pela equipe; verso\u0303es digitais dos materiais editoriais da Fundac\u0327a\u0303o Ibere\u0302 Camargo sa\u0303o disponibilizadas para download gratuito no site da Instituic\u0327a\u0303o; o Acervo Digital esta\u0301 disponi\u0301vel online no site da instituic\u0327a\u0303o e permite visualizac\u0327a\u0303o e download de obras do acervo da instituic\u0327a\u0303o de forma gratuita e instanta\u0302nea. A proposta contempla os incisos I, III, IV e V do Art 21 da IN n\u00ba 02\/2019 do Minist\u00e9rio da Cidadania, mais especificamente: Preserva\u00e7\u00e3o de acervo: Incisos III e IV do Art 21 da IN n\u00ba 02\/2019 do Minist\u00e9rio da Cidadania Oficina\/Workshop\/Semin\u00e1rio\/Audiovisual (projeto: Atelier de Gravura) - Incisos III e IV do Art 21 da IN n\u00ba 02\/2019 do Minist\u00e9rio da Cidadania Festival\/Mostra - Audiovisual (projeto: Cine Iber\u00ea) - Incisos III e IV do Art 21 da IN n\u00ba 02\/2019 do Minist\u00e9rio da Cidadania Exposi\u00e7\u00e3o de Artes - Incisos I, III, IV e V do Art 21 da IN n\u00ba 02\/2019 do Minist\u00e9rio da Cidadania Bolsa - Incisos III e IV do Art 21 da IN n\u00ba 02\/2019 do Minist\u00e9rio da Cidadania Curso\/Oficina\/Est\u00e1gio (projeto: Edital de Ocupa\u00e7\u00e3o) - Incisos III e IV do Art 21 da IN n\u00ba 02\/2019 do Minist\u00e9rio da Cidadania Plano Anual: Incisos I, III, IV, V e VII do Art 21 da IN n\u00ba 02\/2019 do Minist\u00e9rio da Cidadania Contrapartidas Sociais | a\u00e7\u00f5es de forma\u00e7\u00e3o de plat\u00e9ia: Incisos I, III, IV, V e VII do Art 21 da IN n\u00ba 02\/2019 do Minist\u00e9rio da Cidadania","resumo":"Dando continuidado ao processo de reposicionamento institucional iniciado pela Funda\u00e7\u00e3o Iber\u00ea Camargo nos anos de 2017, 2018, 2019 e 2020,quevisa estimular a intera\u00e7\u00e3o do p\u00fablico em geral com a arte, cultura e educa\u00e7\u00e3o, a partir de programas interdisciplinares, o projeto atual tem por objetivo garantir a manuten\u00e7\u00e3o da Funda\u00e7\u00e3o Iber\u00ea Camargo nos anos de 2021 e 2022, preservar seu acervo, promover o estudo e a divulga\u00e7\u00e3o da obra de Iber\u00ea Camargo, e ainda apresentar exposi\u00e7\u00f5es tempor\u00e1rias de arte moderna e contempor\u00e2nea e uma programa\u00e7\u00e3o paralela permanente, ampliando a reflex\u00e3o com semin\u00e1rios, workshops, programas de m\u00fasica e programas de cinema, com artistas, cr\u00edticos, curadores e pesquisadores de diferentes \u00e1reas, com o intuito de debater os temas e quest\u00f5es centrais que emergem a partir das exposi\u00e7\u00f5es em cartaz. A programa\u00e7\u00e3o completa destas atividades ser\u00e1 pensada de modo transversal, de forma a potencializar as discuss\u00f5es levantadas pelos projetos curatoriais.","sinopse":"N\u00e3o se aplica","tipicidade":"Especiais, sem limite (Art. 4\u00ba, \u00a7 2\u00ba)","tipologia":"Planos anuais e plurianuais","enquadradmento":"Artigo 18","mecanisnmo":"Mecenato","UF":"RS","municipio":"Porto Alegre","segmento":"Exposi\u00e7\u00e3o de Artes Visuais","data_inicio":"2021-01-01","data_termino":"2023-12-31","outras_fontes":".0000","proponente":"FUNDACAO IBERE CAMARGO","ano_projeto":"20","local_realizacao":[{"municipio_ibge":"431490","municipio":"Porto Alegre","uf":"Rio Grande do Sul","sigla_uf":"RS","pais":"Brasil"}],"valor_solicitado":11810364.1099,"valor_aprovado":16366149.1099,"valor_projeto":16366149.1099,"valor_captado":13309739.33,"valor_proposta":11810364.1099,"_links":{"self":"http:\/\/api.salic.cultura.gov.br\/api\/v1\/projetos","fornecedores":"https:\/\/api.salic.cultura.gov.br\/api\/v1\/fornecedores?PRONAC=204074","incentivadores":"https:\/\/api.salic.cultura.gov.br\/api\/v1\/incentivadores?incentivador_id=204074","proponente":"https:\/\/api.salic.cultura.gov.br\/api\/v1\/proponentes\/0b7fcf7b6e22c46ebe1fd9ccbb1a507c6504efffc1045007aa88d7234cbf"}}]},"_links":{"self":"http:\/\/api.salic.cultura.gov.br\/api\/v1\/projetos","first":"https:\/\/api.salic.cultura.gov.br\/api\/v1\/projetos?PRONAC=204074&limit=100&offset=0","last":"https:\/\/api.salic.cultura.gov.br\/api\/v1\/projetos?PRONAC=204074&limit=100&offset=0"},"count":1,"total":1}