{"_embedded":{"projetos":[{"PRONAC":"232519","nome":"Un Lento Venir Viniendo - Tomie Ohtake","providencia":"PROJETO ARQUIVADO.","cgccpf":"01204099000106","situacao":"Arquivado a pedido proponente","acessibilidade":"1) PRODUTO: ESPET\u00c1CULO DE ARTES C\u00caNICAS a) ACESSIBILIDADE F\u00cdSICA: A Funda\u00e7\u00e3o Iber\u00ea Camargo, que receber\u00e1 a exposi\u00e7\u00e3o em sua sede, j\u00e1 estar\u00e1 adaptada para portadores de necessidades especiais conforme o Art.27, inciso II da Lei n\u00ba 10.755, de 26 de julho de 2021 e, e em conson\u00e2ncia com o prescrito nos artigos 41 e 42 da Lei 13.146\/2015, disponibiliza aos portadores de necessidades especiais e idosos rampas de acesso aos pavimentos expositivos e de servi\u00e7os, elevadores com sinaliza\u00e7\u00e3o em braile para acesso ao estacionamento, espa\u00e7os expositivos, audit\u00f3rio, caf\u00e9\u0301, ateli\u00ea, loja; sanit\u00e1rios adaptados em todos os andares, al\u00e9m de cadeiras de rodas (duas) a\u0300 disposi\u00e7\u00e3o do p\u00fablico que requisitar seu uso. Ademais, de acordo com o Art. 23 da Lei n\u00b0 10.741, de 1\u00ba de outubro de 2003, e do Art. 46 e 47 do Decreto n\u00b0 3.298, de 20 de dezembro de 1999, a produ\u00e7\u00e3o se compromete a realizar a exposi\u00e7\u00e3o de arte somente em local que observe todos os requisitos legais de acessibilidade \u00e0s pessoas idosas e com defici\u00eancia, como rampas, elevadores ou escadas rolantes, al\u00e9m da disponibilidade de assentos confort\u00e1veis. Item da planilha or\u00e7ament\u00e1ria: N\u00e3o se aplica porque o local escolhido j\u00e1 possuir\u00e1 acessibilidade f\u00edsica. b) ACESSIBILIDADE PARA DEFICIENTES VISUAIS: Para atender \u00e0s necessidades de acessibilidade comunicacional, seguindo a ABNT NBR 1 5599:2008, nos comprometemos a elaborar textos e legendas em braile para as obras expostas, al\u00e9m de haver a disponibilidade de visitas mediadas acompanhadas de audiodescri\u00e7\u00e3o. Item da planilha or\u00e7ament\u00e1ria: Sinaliza\u00e7\u00e3o e Plano Anual. c) ACESSIBILIDADE PARA DEFICIENTES AUDITIVOS: Visita realizada por monitores educativos especializados em atender deficientes auditivos, com interpreta\u00e7\u00e3o em libras. Item da planilha or\u00e7ament\u00e1ria: Int\u00e9rprete de Libras d) ACESSIBILIDADE PARA PESSOAS QUE APRESENTAM ESPECTROS, S\u00cdNDROMES OU DOEN\u00c7AS QUE GEREM LIMITA\u00c7\u00d5ES AOS CONTE\u00daDOS ASSIM COMO PESSOAS QUE DESCONHECEM AS LINGUAGENS OU IDIOMAS DOS CONTE\u00daDOS A equipe de monitoria conta com integrantes dispon\u00edveis a realizar atendimento especializado para visitantes que apresentem espectros, s\u00edndromes ou doen\u00e7as que gerem limita\u00e7\u00f5es aos conte\u00fados assim como pessoas que desconhecem as linguagens ou idiomas dos conte\u00fados. Os textos explicativos seguir\u00e3o uma padroniza\u00e7\u00e3o e consist\u00eancia, estruturados logicamente para facilitar o acesso r\u00e1pido \u00e0 informa\u00e7\u00e3o. Ser\u00e3o evitados elementos que possam causar desconforto, como piscantes, textos em movimento, ou outros formatos que possam dificultar a leitura, como it\u00e1lico ou caixa alta. A proponente entende que pessoas com espectros, s\u00edndromes ou doen\u00e7as que limitem a interpreta\u00e7\u00e3o e a\u00e7\u00e3o necessitam de acessibilidade. Dessa forma, a inclus\u00e3o desses grupos, atrav\u00e9s do acesso aos conte\u00fados, ser\u00e1 priorizada, visando \u00e0 sua socializa\u00e7\u00e3o e a garantia dos direitos. Considerando as diretrizes da ABNT e o Decreto n\u00ba 5.269\/2004, ser\u00e1 garantida a assist\u00eancia t\u00e9cnica necess\u00e1ria para que essas pessoas tenham igualdade de condi\u00e7\u00f5es no acesso \u00e0s atividades culturais, evitando qualquer forma de discrimina\u00e7\u00e3o. O objetivo \u00e9 assegurar que n\u00e3o haja barreiras ao acesso de tais conte\u00fados por essas pessoas, garantindo a aplica\u00e7\u00e3o das normas e evitando san\u00e7\u00f5es por descumprimento. Item da planilha or\u00e7ament\u00e1ria: N\u00e3o haver\u00e1 nenhum gasto ao projeto. 2) PRODUTO: CURSO\/ OFICINA\/ EST\u00c1GIO a) ACESSIBILIDADE F\u00cdSICA: De acordo com o Art. 23 da Lei n\u00b0 10.741; e do Art. 46 da Lei n\u00b0 3.298, a produ\u00e7\u00e3o se compromete a realizar a palestra somente em local que observe todos os requisitos legais de acessibilidade \u00e0s pessoas idosas e com defici\u00eancia, como rampas, elevadores ou escadas rolantes, al\u00e9m da disponibilidade de assentos confort\u00e1veis. Item or\u00e7ament\u00e1rio: N\u00e3o se aplica. b) ACESSIBILIDADE PARA DEFICIENTES VISUAIS: Os materiais f\u00edsicos distribu\u00eddos durante a palestra ser\u00e3o disponibilizados em formato PDF, o que permite ao usu\u00e1rio a utiliza\u00e7\u00e3o da funcionalidade \u201cVoice Over\u201d possibilitando a descri\u00e7\u00e3o dos elementos, textos e imagens contidos no cat\u00e1logo. Vale ressaltar que tal funcionalidade \u00e9 intr\u00ednseca aos computadores, sem necessidade de inser\u00e7\u00e3o de rubrica para contemplar esta medida de acessibilidade. Item or\u00e7ament\u00e1rio: N\u00e3o se aplica. c) ACESSIBILIDADE PARA DEFICIENTES AUDITIVOS: A palestra contar\u00e1 com a assist\u00eancia de monitores educativos especializados em atender deficientes auditivos, com interpreta\u00e7\u00e3o em libras. Item da planilha or\u00e7ament\u00e1ria: Int\u00e9rprete de Libras d) ACESSIBILIDADE PARA PESSOAS QUE APRESENTAM ESPECTROS, S\u00cdNDROMES OU DOEN\u00c7AS QUE GEREM LIMITA\u00c7\u00d5ES AOS CONTE\u00daDOS ASSIM COMO PESSOAS QUE DESCONHECEM AS LINGUAGENS OU IDIOMAS DOS CONTE\u00daDOS A equipe de monitoria conta com integrantes dispon\u00edveis a realizar atendimento especializado para visitantes que apresentem espectros, s\u00edndromes ou doen\u00e7as que gerem limita\u00e7\u00f5es aos conte\u00fados assim como pessoas que desconhecem as linguagens ou idiomas dos conte\u00fados. Item da planilha or\u00e7ament\u00e1ria: N\u00e3o haver\u00e1 nenhum gasto no projeto.","objetivos":"OBJETIVO GERAL: O projeto \"Un Lento Venir Viniendo\" tem por objetivo realizar uma exposi\u00e7\u00e3o de arte que apresenta uma sele\u00e7\u00e3o de obras de artistas argentinos, democratizando o acesso \u00e0 produ\u00e7\u00e3o de artistas argentinos contempor\u00e2neos, por meio de trabalhos nunca exibidos em institui\u00e7\u00f5es brasileiras. Pinturas, fotografias, v\u00eddeos, instala\u00e7\u00f5es, performances, esculturas, gravuras e obras site-specific s\u00e3o algumas das t\u00e9cnicas contempladas nessa exposi\u00e7\u00e3o, promovendo estudo e pesquisa sobre os artistas apresentados a n\u00edvel nacional. Atrav\u00e9s do projeto pretende-se ainda: - Dar oportunidades a variados artistas Argentinos que poder\u00e3o expor suas obras no Brasil. - Desenvolver a cadeia produtiva cultural do Brasil criando oportunidades profissionais envolvidos com o projeto. - Incentivar e fomentar as atividades as artes visuais e a cultura brasileira atrav\u00e9s da viabiliza\u00e7\u00e3o de uma exposi\u00e7\u00e3o gratuita. - Possibilitar acesso irrestrito \u00e0 cultura, na medida que o projeto abranger\u00e1 publico de todas as idades, sem distin\u00e7\u00e3o de classes sociais. Nos termos do Artigo 03 do Decreto 11.453, de 2023, o projeto \u00e9 destinado \u00e0s seguintes finalidades: V - incentivar a amplia\u00e7\u00e3o do acesso da popula\u00e7\u00e3o \u00e0 frui\u00e7\u00e3o e \u00e0 produ\u00e7\u00e3o dos bens culturais; VI - fomentar atividades culturais afirmativas para a promo\u00e7\u00e3o da cidadania cultural, da acessibilidade \u00e0s atividades art\u00edsticas e da diversidade cultural; VII - desenvolver atividades que fortale\u00e7am e articulem as cadeias produtivas e os arranjos produtivos locais, nos diversos segmentos culturais; XII - impulsionar a prepara\u00e7\u00e3o e o aperfei\u00e7oamento de recursos humanos para a produ\u00e7\u00e3o e a difus\u00e3o culturais; XIII - promover a difus\u00e3o e a valoriza\u00e7\u00e3o das express\u00f5es culturais brasileiras no exterior e o interc\u00e2mbio cultural com outros pa\u00edses; XV - apoiar o desenvolvimento de a\u00e7\u00f5es que integrem cultura e educa\u00e7\u00e3o; OBJETIVOS ESPEC\u00cdFICOS: EXPOSI\u00c7\u00c3O DE ARTES: Realizar uma exposi\u00e7\u00e3o de artes visuais de obras de artistas contempor\u00e2neos argentinos, gratuita e aberta ao p\u00fablico durante o per\u00edodo de 75 dias corridos, de ter\u00e7a-feira a domingo. A exposi\u00e7\u00e3o ocorrer\u00e1 na Funda\u00e7\u00e3o Iber\u00ea Camargo, na cidade de Porto Alegre. Comprova\u00e7\u00e3o para presta\u00e7\u00e3o de contas: Carta do local declarando a realiza\u00e7\u00e3o, material de divulga\u00e7\u00e3o e material fotogr\u00e1fico CURSO\/OFICINA\/EST\u00c1GIO PALESTRA COM O CURADOR Ser\u00e1 realizado uma palestra para o p\u00fablico com a presen\u00e7a do curador da mostra Mariano Mayer, de artistas da exposi\u00e7\u00e3o, por ocasi\u00e3o da abertura da exposi\u00e7\u00e3o. O tema dessa conversa ser\u00e1 a narrativa e o recorte curatorial da exposi\u00e7\u00e3o. Documentos para presta\u00e7\u00e3o de contas: lista de presen\u00e7a, fotos Assunto\/Tema: Um Lento Venir Viniendo Quantidade: 1 vez, na semana de abertura da exposi\u00e7\u00e3o Total de carga hor\u00e1ria: 1 hora","justificativa":"A solicita\u00e7\u00e3o de apoio ao projeto junto ao Minist\u00e9rio da Cultura se justifica pelo fato de que a Lei de Incentivo \u00e9 hoje uma das poucas formas de se encontrar parceria na iniciativa privada, sendo imprescind\u00edvel sua exist\u00eancia para democratizar a cultura em todo o Pa\u00eds.Diante do exposto o acreditamos que o projeto atende os seguintes artigos e incisos da Lei 8313\/91:Art. 1\u00ba da Lei 8.313\/91: I - Contribuir para facilitar, a todos, os meios para o livre acesso \u00e0s fontes da cultura e o pleno exerc\u00edcio dos direitos culturais; III - Apoiar, valorizar e difundir o conjunto das manifesta\u00e7\u00f5es culturais e seus respectivos criadores; VII - Desenvolver a consci\u00eancia internacional e o respeito aos valores culturais de outros povos ou na\u00e7\u00f5es; VIII - Estimular a produ\u00e7\u00e3o e difus\u00e3o de bens culturais de valor universal, formadores e informadores de conhecimento, cultura e mem\u00f3ria; Art. 3\u00ba da Lei 8.313\/91 II - Fomento \u00e0 produ\u00e7\u00e3o cultural e art\u00edstica, mediante: c) Realiza\u00e7\u00e3o de exposi\u00e7\u00f5es, festivais de arte, espet\u00e1culos de artes c\u00eanicas, de m\u00fasica e de folclore; IV - Est\u00edmulo ao conhecimento dos bens e valores culturais, mediante: a) Distribui\u00e7\u00e3o gratuita e p\u00fablica de ingressos para espet\u00e1culos culturais e art\u00edsticos; e b) Levantamentos, estudos e pesquisas na \u00e1rea da cultura e da arte e de seus v\u00e1rios segmentos. Justificativa\u00c9 de enorme relev\u00e2ncia, na democratiza\u00e7\u00e3o do acesso \u00e0 arte contempor\u00e2nea, a abertura ao p\u00fablico de uma sele\u00e7\u00e3o de obras de arte contempor\u00e2nea argentina nunca antes exibidas em institui\u00e7\u00f5es brasileiras. A escolha curatorial, que apresenta recortes geogr\u00e1fico e hist\u00f3rico espec\u00edficos _ Argentina e s\u00e9culo XXI _ faz com que o conjunto de trabalhos nela contidas represente um cap\u00edtulo fundamental na hist\u00f3ria da arte da regi\u00e3o. Assim, esse projeto de exposi\u00e7\u00e3o promove o conhecimento, estudo e pesquisa desse contexto por obras de artistas reconhecidos e refer\u00eancia a n\u00edvel internacional que, se n\u00e3o fossem expostas e estarem em constante di\u00e1logo com a popula\u00e7\u00e3o, nunca poderiam ser fru\u00eddas pelos grupos-alvo do projeto.","etapa":"PR\u00c9-PRODU\u00c7\u00c3O (30 dias) - In\u00edcio da Coordena\u00e7\u00e3o geral do projeto. - Checagem do or\u00e7amento preliminar. - Elabora\u00e7\u00e3o de estrat\u00e9gia de produ\u00e7\u00e3o geral. - Organiza\u00e7\u00e3o do frete internacional obras de arte. - Elabora\u00e7\u00e3o de identidade gr\u00e1fica do projeto - Detalhamento de necessidades t\u00e9cnicas de audiovisual e construtivas das obras\/ prepara\u00e7\u00e3o t\u00e9cnica. - Apresenta\u00e7\u00e3o final dos projetos executivos de cenografia, digital e expogr\u00e1fico. - Discrimina\u00e7\u00e3o final de servi\u00e7os a serem fornecidos. - Contrata\u00e7\u00e3o de servi\u00e7os para projeto f\u00edsico, projeto de ilumina\u00e7\u00e3o, comunica\u00e7\u00e3o visual, projetos gr\u00e1ficos e execu\u00e7\u00e3o de obras. - Sele\u00e7\u00e3o e contrata\u00e7\u00e3o de equipe t\u00e9cnica. - Contrata\u00e7\u00e3o de fornecedores. - Libera\u00e7\u00e3o de Direitos Autorais (autoriza\u00e7\u00e3o de imagens). EXECU\u00c7\u00c3O (100 dias) ETAPA I - Produ\u00e7\u00e3o executiva. - Curadoria. - Produ\u00e7\u00e3o de textos (ensaios, pref\u00e1cio etc.) - Tradu\u00e7\u00e3o - Prepara\u00e7\u00e3o de insumos para difus\u00e3o: fotos e releases - Desenvolvimento de material de divulga\u00e7\u00e3o e assessorial de imprensa. - Preparo de espa\u00e7o expositivo: pain\u00e9is, mobili\u00e1rio expositivo, suportes, necessidades t\u00e9cnicas etc. - Instala\u00e7\u00e3o e cabeamento de equipamento de audiovisual - Montagem do espa\u00e7o expositivo e educativo - Instala\u00e7\u00e3o de comunica\u00e7\u00e3o visual - Inaugura\u00e7\u00e3o para p\u00fablico - Implementa\u00e7\u00e3o de medidas de acessibilidade ETAPA II - Manuten\u00e7\u00e3o da exposi\u00e7\u00e3o. - Encerramento da exposi\u00e7\u00e3o. - Desmontagem do espa\u00e7o expositivo - Realiza\u00e7\u00e3o das atividades paralelas propostas P\u00d3S-PRODU\u00c7\u00c3O (30 dias) - Frete internacional de retorno das obras de arte - Fechamento e elabora\u00e7\u00e3o de presta\u00e7\u00e3o de contas - Reuni\u00e3o de avalia\u00e7\u00e3o de resultados. - Elabora\u00e7\u00e3o de relat\u00f3rio de atividades Presta\u00e7\u00e3o de contas at\u00e9 60 dias ap\u00f3s t\u00e9rmino do projeto.","ficha_tecnica":"Funda\u00e7\u00e3o Iber\u00ea Camargo \u2013 Produtora Proponente A Funda\u00e7\u00e3o Iber\u00ea foi criada em 1995, com a miss\u00e3o de preservar, investigar e divulgar a obra de Iber\u00ea Camargo, al\u00e9m de aproximar o p\u00fablico deste que \u00e9 um dos grandes nomes da arte brasileira do s\u00e9culo XX, estimulando a reflex\u00e3o sobre arte, cultura e educa\u00e7\u00e3o por meio de programas transdisciplinares e do fomento \u00e0 pr\u00f3pria produ\u00e7\u00e3o art\u00edstica. A cada ano, s\u00e3o organizadas exposi\u00e7\u00f5es, semin\u00e1rios, encontros com artistas e curadores, cursos, oficinas, entre outras atividades, que versam sobre a obra de Iber\u00ea Camargo e sobre temas ligados \u00e0 arte moderna e contempor\u00e2nea, articulando, al\u00e9m das artes visuais, as demais manifesta\u00e7\u00f5es art\u00edsticas \u2013 como o cinema, a m\u00fasica, a arquitetura, o teatro e a literatura \u2013 e os mais diversos campos do conhecimento. A atual sede da Funda\u00e7\u00e3o, inaugurada em maio de 2008, foi projetada pelo arquiteto portugu\u00eas \u00c1lvaro Siza, um dos mais relevantes da contemporaneidade. O pr\u00e9dio, criado para abrigar o acervo e todas as demais atividades, possui salas expositivas, \u00e1trio, reserva t\u00e9cnica, centro de documenta\u00e7\u00e3o e pesquisa, ateli\u00ea de gravura, ateli\u00ea do programa educativo, audit\u00f3rio, loja, cafeteria, estacionamento e parque ambiental projetado pela Funda\u00e7\u00e3o Gaia. Robson Bento Outeiro, superintendente executivo da Funda\u00e7\u00e3o Iber\u00ea Camargo RG n\u00ba 10615423-0 expedida pelo IFP\/RJ e CPF n\u00ba 073.490.997-70 Mariano Mayer - Curador Mariano Mayer \u00e9 poeta e curador independente, membro da Equipe Curatorial de Isla de Ediciones. Argentina mas radicado em Madrid, seus projetos curatoriais mais recentes incluem: Distancias el\u00e1sticas- Antonio Menchen y Cecilia Szalkowicz (Centro P\u00e1rraga, Murcia, 2019); En el ejercicio de las cosas, com Sonia Becce (Plataforma Argentina ARCO, Madrid, 2017); La m\u00fasica es mi casa: Gast\u00f3n P\u00e9rsico (MALBA, Buenos Aires, 2017); Isla de Ediciones (arteBA, Buenos Aires, 2016\/17). As publica\u00e7\u00f5es de Mayer incluem Fluxus Escrito (Caja Negra, Buenos Aires, 2019); Justus (Diputaci\u00f3n de Le\u00f3n e Instituto Leon\u00e9s de Cultura, 2009); Fanta (Corregidor, Buenos Aires, 2002). Em 2016 foi Professor Curador do Programa Art\u00edstico, Universidad Torcuato Di Tella, Buenos Aires e dirigiu o programa discursivo sobre arte argentina \u201cUna novela que comienza\u201d (CA2M, M\u00f3stoles, 2017).","impacto_ambiental":"","especificacao_tecnica":"EXPOSI\u00c7\u00c3O DE ARTES: Exposi\u00e7\u00e3o coletiva de arte contempor\u00e2nea, trazendo cerca de 70 obras de 45 artistas argentinos contempor\u00e2neos. Dura\u00e7\u00e3o: aproximadamente 3 meses. CURSO\/OFICINA\/EST\u00c1GIO: PALESTRA COM O CURADOR Palestra em formato de conversa com o curador da exposi\u00e7\u00e3o, Mariano Mayer, e artistas participantes da mostra. Dura\u00e7\u00e3o de 1 hora.","estrategia_execucao":"Ao Minist\u00e9rio da Cultura Secretaria Especial da Cultura Sistema Salic Assunto: Solicita\u00e7\u00e3o de Readequa\u00e7\u00e3o de Projeto \u2013 Mudan\u00e7a de Local de Realiza\u00e7\u00e3o e Altera\u00e7\u00e3o de Proponente Prezados, Venho, por meio desta, solicitar a readequa\u00e7\u00e3o do projeto cultural Un Lento Venir Viniendo, previamente aprovado para execu\u00e7\u00e3o na cidade de S\u00e3o Paulo, para ser realizado na cidade de Porto Alegre, bem como a altera\u00e7\u00e3o do proponente respons\u00e1vel de Act para a Funda\u00e7\u00e3o Iber\u00ea Camargo, que se disponibilizou a hospedar a exposi\u00e7\u00e3o. Conforme o Art. 35 da Instru\u00e7\u00e3o Normativa da Lei Rouanet, ap\u00f3s a capta\u00e7\u00e3o m\u00ednima de 10% dos recursos, o proponente pode adequar o projeto \u00e0 realidade de execu\u00e7\u00e3o no prazo de 20 dias, considerando as medidas de acessibilidade, democratiza\u00e7\u00e3o do acesso, contrapartidas sociais e outros aspectos pertinentes. Com base nesse artigo, estamos realizando essa adequa\u00e7\u00e3o para melhor atender as necessidades log\u00edsticas e culturais do projeto. Por fim, solicitamos a altera\u00e7\u00e3o do proponente, conforme previsto no Art. 48, com a devida justificativa de que a Funda\u00e7\u00e3o Iber\u00ea Camargo possui maior capacidade t\u00e9cnica e log\u00edstica para a execu\u00e7\u00e3o do projeto. Anexamos a anu\u00eancia formal da Funda\u00e7\u00e3o Iber\u00ea Camargo e informamos que n\u00e3o houve movimenta\u00e7\u00e3o financeira pela Act at\u00e9 o presente momento. A altera\u00e7\u00e3o implicar\u00e1 na abertura de novas contas banc\u00e1rias conforme necess\u00e1rio. Certos da compreens\u00e3o e colabora\u00e7\u00e3o de V. Sas., aguardamos deferimento para proceder com as adequa\u00e7\u00f5es mencionadas. Atenciosamente, Fernando Ticoulat S\u00f3cio Diretor Act","democratizacao":"Para fins de atendimento ao Art. 27 da IN 01\/2023, o evento ser\u00e1 integralmente gratuito, garantindo o acesso de todo o p\u00fablico interessado. Para fins de atendimento ao Art. 28 da IN 01\/2023 ser\u00e1 IV - disponibilizar, na Internet, registros audiovisuais dos espet\u00e1culos, das exposi\u00e7\u00f5es, das atividades de ensino, e de outros eventos referente ao produto principal. Em Porto Alegre, ser\u00e3o realizadas visitas guiadas gratuitas para escolas p\u00fablicas e ONGs, al\u00e9m de atividades educativas e culturais voltadas para comunidades carentes. A Funda\u00e7\u00e3o Iber\u00ea Camargo possui parcerias estabelecidas com institui\u00e7\u00f5es locais que facilitar\u00e3o a implementa\u00e7\u00e3o dessas a\u00e7\u00f5es. Estas incluem colabora\u00e7\u00f5es com universidades, escolas, empresas locais e institui\u00e7\u00f5es culturais.","resumo":"\"Un Lento Venir Viniendo\" \u00e9 um projeto de exposi\u00e7\u00e3o de artes visuais, gratuita e aberta ao p\u00fablico durante o per\u00edodo de 75 dias corridos, de ter\u00e7a-feira a domingo. O projeto estabelece um di\u00e1logo in\u00e9dito entre obras de artistas contempor\u00e2neos argentinos e sua respectiva densa e rica produ\u00e7\u00e3o art\u00edstica. A exposi\u00e7\u00e3o inclui uma conversa com curador(es) da mostra.","sinopse":"O projeto contar\u00e1 com: uma exposi\u00e7\u00e3o de arte apresentando um panorama da produ\u00e7\u00e3o art\u00edstica contempor\u00e2nea argentina; uma palestra de abertura com participa\u00e7\u00e3o do curador Mariano Mayer e de um dos artistas da mostra.","tipicidade":"Projetos Espec\u00edficos","tipologia":"Exposi\u00e7\u00f5es de artes visuais","enquadradmento":"Artigo 18","mecanisnmo":"Mecenato","UF":"SP","municipio":"Porto Alegre","segmento":"Exposi\u00e7\u00e3o Cultural \/ Art\u00edstica","data_inicio":"2023-08-05","data_termino":"2025-12-31","outras_fontes":".0000","proponente":"FUNDACAO IBERE CAMARGO","ano_projeto":"23","local_realizacao":[{"municipio_ibge":"431490","municipio":"Porto Alegre","uf":"Rio Grande do Sul","sigla_uf":"RS","pais":"Brasil"}],"valor_solicitado":1019564.7002,"valor_aprovado":1019564.7,"valor_projeto":1019564.7,"valor_captado":212292.06,"valor_proposta":1019564.7002,"_links":{"self":"http:\/\/api.salic.cultura.gov.br\/api\/v1\/projetos","fornecedores":"https:\/\/api.salic.cultura.gov.br\/api\/v1\/fornecedores?PRONAC=232519","incentivadores":"https:\/\/api.salic.cultura.gov.br\/api\/v1\/incentivadores?incentivador_id=232519","proponente":"https:\/\/api.salic.cultura.gov.br\/api\/v1\/proponentes\/78abc62e30570442085c6160f1119f7fc2379780c88ded1ba3db9d82d3a8"}}]},"_links":{"self":"http:\/\/api.salic.cultura.gov.br\/api\/v1\/projetos","first":"https:\/\/api.salic.cultura.gov.br\/api\/v1\/projetos?PRONAC=232519&limit=100&offset=0","last":"https:\/\/api.salic.cultura.gov.br\/api\/v1\/projetos?PRONAC=232519&limit=100&offset=0"},"count":1,"total":1}