{"_embedded":{"projetos":[{"PRONAC":"2410301","nome":"Arte Delas - 1\u00aa Edi\u00e7\u00e3o","providencia":"PROJETO ARQUIVADO.","cgccpf":"07209299000138","situacao":"Arquivado - solicita\u00e7\u00e3o de desist\u00eancia do proponente","acessibilidade":"Produto Cultural: Exposi\u00e7\u00e3o de Artes 1) Acessibilidade f\u00edsica: A escolha do espa\u00e7o expositivo ser\u00e1 pautada pela sua acessibilidade fisica contendo rampas de acesso conforme a norma NBR 9050, banheiros acessiveis, circula\u00e7\u00e3o adequada para cadeirantes e para pessoas com dificuldade de locomo\u00e7\u00e3o. 2) Acessibilidade de conte\u00fado: Acessibilidade auditiva: disponibilidade de Interpretra\u00e7\u00e3o em LIBRAS para pessoas com deficiencia auditiva em 02 dias fixo na semana, durante o per\u00edodo de exibi\u00e7\u00e3o. Acessibilidade visual: as obras contar\u00e3o com audiodescri\u00e7\u00e3o espec\u00edficas - de forma individual - al\u00e9m de contar com visita guiada em 02 dias fixos na semana, durante o per\u00edodo de exibi\u00e7\u00e3o. Produto Cultural: Curso\/Oficina 1) Acessibilidade f\u00edsica: A escolha dos locais de realiza\u00e7\u00e3o das oficinas ser\u00e1 orientada a partir da sua acessibilidade f\u00edsica, de forma a garantir o acesso de participantes cadeirantes ou com mobilidade reduzida. Ser\u00e1 verificada exist\u00eancia de rampas, de espa\u00e7o de circula\u00e7\u00e3o e de mobili\u00e1rio das salas que possam ser adaptados ao uso de pessoas com defici\u00eancia f\u00edsica, al\u00e9m de banheiros acess\u00edveis nos locais de realiza\u00e7\u00e3o. Em atendimento \u00e0 NBR 9050. 2) Acessibilidade de conte\u00fado: Acessibilidade auditiva: disponibilidade de Interpretra\u00e7\u00e3o em LIBRAS para pessoas com defici\u00eancia auditiva em cada oficina. Acessibilidade visual: as oficinas ser\u00e3o realizadas de forma falada, sendo assim dispensado o uso de recursos extras de acessibilidade visual. Em caso de participantes com defici\u00eancia visual, a oficina contar\u00e1 com momentos sensoriais para reconhecimento dos materiais e execu\u00e7\u00e3o das atividades propostas.","objetivos":"Objetivo Geral: Realizar 01 exposi\u00e7\u00e3o de arte na cidade de Fortaleza, com a participa\u00e7\u00e3o de 05 artistas urbanas mulheres, com um total de 15 obras, de forma totalmente gratuita. Objetivos espec\u00edficos: 1. Realizar 05 oficinas gratuitas de arte urbana para um total de 50 pessoas;2. Ofertar ao p\u00fablico da cidade 30 dias de exposi\u00e7\u00e3o das obras;3. Disponibilizar ao p\u00fablico os recursos de acessibilidade como LIBRAS e Audiodescri\u00e7\u00e3o.4. Envolver um p\u00fablico de 1000 pessoas no total durante a exposi\u00e7\u00e3o.","justificativa":"A arte urbana vem, nos \u00faltimos anos, expandindo suas fronteiras, conquistando cada vez mais espa\u00e7o nos ambientes que antes se reservavam \u00e0s artes pl\u00e1sticas mais tradicionais. Essa linguagem, que surge da periferia dos grandes centros urbanos, tem se fortalecido atrav\u00e9s do interc\u00e2mbio com outras vertentes. No Brasil, o universo do grafite e do muralismo (importantes manifesta\u00e7\u00f5es da arte urbana) traz em seu recorte hist\u00f3rico grandes nomes que despontam nacionalmente e internacionalmente. Por\u00e9m, o que se observa nesse ambiente \u00e9 que os artistas em destaque s\u00e3o majoritariamente homens, especialmente quando falamos de interven\u00e7\u00f5es urbanas nas grandes cidades. Observamos que a presen\u00e7a feminina nesse universo \u00e9 real e consistente, com nomes que assinam importantes obras pelo pa\u00eds, mas que nem sempre est\u00e3o na mesma posi\u00e7\u00e3o de destaque que seus colegas de trabalho homens. \u00c9 nesse contexto que surge o projeto Arte Delas - 1a edi\u00e7\u00e3o. O projeto se configura como uma plataforma de trabalho direcionada para fortalecer a participa\u00e7\u00e3o feminina na arte urbana cearense, a partir de artistas mulheres que j\u00e1 desenvolvem trabalhos potentes na cidade de Fortaleza. Tem como prop\u00f3sito realizar uma exposi\u00e7\u00e3o de arte urbana constru\u00edda por mulheres como forma de ampliar o alcance de seus trabalhos, envolvendo e inspirando o grande p\u00fablico. A realiza\u00e7\u00e3o dessa primeira edi\u00e7\u00e3o se justifica por estar alinhada \u00e0s finalidades da Lei Rouanet, conforme o disposto no Artigo 1\u00ba, especialmente nos seguintes itens: III - apoiar, valorizar e difundir o conjunto das manifesta\u00e7\u00f5es culturais e seus respectivos criadores;VIII - estimular a produ\u00e7\u00e3o e difus\u00e3o de bens culturais de valor universal, formadores e informadores de conhecimento, cultura e mem\u00f3ria; Al\u00e9m disso, o projeto est\u00e1 alinhado aos objetivos da Lei Rouanet, conforme seu Artigo 3\u00ba, no item a seguir: II - fomento \u00e0 produ\u00e7\u00e3o cultural e art\u00edstica, mediante:e) realiza\u00e7\u00e3o de exposi\u00e7\u00f5es, festivais de arte e espet\u00e1culos de artes c\u00eanicas ou cong\u00eaneres.","etapa":"A realiza\u00e7\u00e3o do projeto seguir\u00e1 as seguintes etapas: PR\u00c9-PRODU\u00c7\u00c3O Dura\u00e7\u00e3o: 30 dias Contrata\u00e7\u00e3o de equipe de produ\u00e7\u00e3o; Curadoria e sele\u00e7\u00e3o das artistas envolvidas; Prepara\u00e7\u00e3o das oficinas: defini\u00e7\u00e3o dos locais de realiza\u00e7\u00e3o, compra de material, alinhamento das inscri\u00e7\u00f5es; Reserva do espa\u00e7o para exposi\u00e7\u00e3o; Inicio da divulga\u00e7\u00e3o do projeto; Alinhamento final da proposta expogr\u00e1fica. PRODU\u00c7\u00c3O Dura\u00e7\u00e3o: 60 dias Realiza\u00e7\u00e3o das inscri\u00e7\u00f5es das oficinas; realiza\u00e7\u00e3o das aulas. Produ\u00e7\u00e3o das obras coletivas a serem exibidas; Confec\u00e7\u00e3o do mobili\u00e1rio expositivo; Produ\u00e7\u00e3o da audiodescri\u00e7\u00e3o das obras; Montagem da exposi\u00e7\u00e3o; Abertura da exposi\u00e7\u00e3o para visita\u00e7\u00e3o do p\u00fablico; Realiza\u00e7\u00e3o das visitas guiadas com acessibilidade; Divulga\u00e7\u00e3o promocional do projeto; Desmontagem da exposi\u00e7\u00e3o; Execu\u00e7\u00e3o financeira do projeto. P\u00d3S-PRODU\u00c7\u00c3O Dura\u00e7\u00e3o: 60 dias Encerramento dos contratos; Confec\u00e7\u00e3o de relat\u00f3rios; Presta\u00e7\u00e3o de contas.","ficha_tecnica":"[Proponente] Tayro Mendon\u00e7a - Coordenador Geral Respons\u00e1vel pela administra\u00e7\u00e3o do projeto, com as principais tomadas de decis\u00e3o quanto ao escopo e ao financeiro. Curriculo: Gradua\u00e7\u00e3o em Com. Social - Publicidade e Propaganda pela Universidade de Fortaleza (2008), P\u00f3s-Gradua\u00e7\u00e3o em Marketing pela Universidade de Fortaleza (2010) e Mestrado em Administra\u00e7\u00e3o e Controladoria pela UFC (2015). Ocupa uma posi\u00e7\u00e3o de membro titular do Conselho Fiscal da Associa\u00e7\u00e3o Nacional de Jornais (ANJ). Atuou como professor universit\u00e1rio convidado nas Escolas de Comunica\u00e7\u00e3o e Gest\u00e3o da Universidade de Fortalez e no Centro Universit\u00e1rio Farias Brito. Atualmente \u00e9 Gerente de Planejamento, Gest\u00e3o e Eventos do Sistema Verdes Mares, agindo diretamente nos processos de desenvolvimento e execu\u00e7\u00e3o de projetos especiais multiplataforma. Conduzindo a estrutura\u00e7\u00e3o e realiza\u00e7\u00e3o de eventos de forma respons\u00e1vel e sustent\u00e1vel. Junto com sua equipe, entregou mais de 150 projetos nos \u00faltimos 3 anos, com destaque para o \"Projeto Elas\" que incentiva o empoderamento feminino atrav\u00e9s de uma s\u00e9rie audiovisual e feira para empreendedoras, e para a s\u00e9rie audiovisual \"Terra de Sabidos\" que apresenta hist\u00f3rias inspiradoras de pais, alunos e professores por meio da educa\u00e7\u00e3o e dedica\u00e7\u00e3o. Tem s\u00f3lida experi\u00eancia em lideran\u00e7a e gest\u00e3o de projetos complexos, entregando resultados excepcionais em ambientes din\u00e2micos e desafiadores. Tem habilidades de planejamento estrat\u00e9gico e aloca\u00e7\u00e3o eficiente de recursos, monitoramento cont\u00ednuo de cronogramas e or\u00e7amentos. \u00c9 capaz de mobilizar equipes multifuncionais, promover a colabora\u00e7\u00e3o e garantir o cumprimento de prazos e mantendo os padr\u00f5es de qualidade. Altamente adapt\u00e1vel e orientado para a solu\u00e7\u00e3o de problemas, capaz de identificar riscos, mitigar desafios e transformar obst\u00e1culos em oportunidades de crescimento. \u00c9 reconhecido por sua comunica\u00e7\u00e3o eficaz e habilidades de negocia\u00e7\u00e3o, cultivando equipes alinhadas e motivadas em todas as etapas do projeto. Cultiva um ambiente de trabalho produtivo e engajado para alcan\u00e7ar os objetivos. Rainarah Fontenelle: Coordena\u00e7\u00e3o de Produ\u00e7\u00e3oFormada em Gest\u00e3o de Eventos pela Universidade de Fortaleza (Unifor), com 19 anos de experi\u00eancia no setor. Nos \u00faltimos 13 anos, tem atuado como Coordenadora de Eventos no Sistema Verdes Mares, com um portf\u00f3lio que inclui a produ\u00e7\u00e3o de grandes eventos como FIFA Fan Fest Fortaleza, S\u00e3o Jo\u00e3o do Cear\u00e1 e Encanta Cear\u00e1. Julio Cesar Barros: Produ\u00e7\u00e3o Profissional com 18 anos de experi\u00eancia no mercado de eventos tendo trabalhado na produ\u00e7\u00e3o dos eventos Encanta Cear\u00e1, S\u00e3o Jo\u00e3o de Fortaleza, Menos 30 Fest \u2013 Globo, Festival Jazz e Blues de Guaramiranga dentre outros. D\u00e9bora Roncalli: Produ\u00e7\u00e3oFormada em jornalismo, foi promovida a produtora de eventos em fevereiro de 2020, produziu o evento atendimento nota 10, a\u00e7\u00e3o interna dos 50 anos da TV Verdes Mares e a\u00e7\u00f5es de Live Marketing. Antes trabalhou com publicidade legal no comercial da Editora Verdes, tamb\u00e9m planejamento de marketing da TV Di\u00e1rio e FM 93. S\u00e3o 21 anos de empresa tendo come\u00e7ado na recep\u00e7\u00e3o do Di\u00e1rio do Nordeste. Terezadequinta: Curadora Terezadequinta \u00e9 artista visual nascida na cidade de Fortaleza-Ce. \u00c9 integrante do coletivo Acidum Project - CE que vem realizando trabalhos referentes \u00e0 arte urbana e arte contempor\u00e2nea. Seja com desenho, pintura, murais, design e exposi\u00e7\u00f5es. Tereza, deixa uma de suas marcas principais que \u00e9 o experimentalismo e sua matriz de inspira\u00e7\u00e3o na cultura nordestina e cearense. Instagram@terezadequinta Ivina Passos: Assessoria do projeto Publicit\u00e1ria, graduada em Comunica\u00e7\u00e3o Social, com especializa\u00e7\u00e3o em Estrat\u00e9gia, Projetos e Processos. Atualmente \u00e9 graduanda em Arquitetura e Urbanismo, pela Faculdade Ari de S\u00e1. \u00c9 diretora da Ato Marketing Cultural e do Al\u00e9m da Rua - Festival Internacional de Arte Urbana. Foi gestora do Instituto CDL de Cultura e Responsabilidade Social de 2014 a 2020, estando a frente da gest\u00e3o de projetos e patroc\u00ednios do Cear\u00e1 Natal de Luz. \u00c9 especialista em patroc\u00ednios de projetos incentivados atrav\u00e9s da Lei Rouanet, atendendo desde empresas patrocinadoras a agentes culturais com consultorias, cursos e forma\u00e7\u00f5es aprofundadas na \u00e1rea. Engaja: Assessoria de Comunica\u00e7\u00e3oA Engaja Comunica\u00e7\u00e3o \u00e9 respons\u00e1vel pela assessoria do Sistema Verdes Mares, desenvolvendo e executando estrat\u00e9gias criativas para dar maior visibilidade aos projetos do grupo. Especializada na produ\u00e7\u00e3o de releases, divulga\u00e7\u00e3o de pautas e cerimoniais, a Engaja atua diretamente a partir das solicita\u00e7\u00f5es do SVM, garantindo que todos os materiais sejam produzidos e acompanhados com excel\u00eancia. Al\u00e9m disso, a ag\u00eancia oferece solu\u00e7\u00f5es completas em assessoria de imprensa e gest\u00e3o de crises, promovendo a visibilidade e a imagem de seus clientes nos principais meios de comunica\u00e7\u00e3o.","impacto_ambiental":"","especificacao_tecnica":"A exposi\u00e7\u00e3o consiste em 03 obras de cada artista, sendo 05 artistas mulheres cearenses. Total de 15 obras. A exibi\u00e7\u00e3o ter\u00e1 dura\u00e7\u00e3o total de 30 dias, com acesso gratuito.","estrategia_execucao":"","democratizacao":"Em atendimento ao disposto no art 30, da Instru\u00e7\u00e3o Normativa 11\/2024, o projeto prev\u00ea a realiza\u00e7\u00e3o da seguinte a\u00e7\u00e3o: III - disponibilizar, na Internet, registros audiovisuais dos espet\u00e1culos, das exposi\u00e7\u00f5es, das atividades de ensino, e de outros eventos referente ao produto principal, acompanhado com libras e audiodescri\u00e7\u00e3o. Serao disponibilizados na internet 05 v\u00eddeos contando sobre o processo de cria\u00e7\u00e3o das obras de cada uma das artistas envolvidas.","resumo":"Realiza\u00e7\u00e3o de exposi\u00e7\u00e3o de artes de 5 artistas mulheres, em arte urbana, da cidade de Fortaleza durante 30 dias para um p\u00fablico de 1.000 mil pessoas; realiza\u00e7\u00e2o de 5 oficinas de grafite para 10 pessoas cada, totalizando 50 pessoas. Programa\u00e7\u00e3o com 30 dias de dura\u00e7\u00e3o, ofertada ao p\u00fablico de forma integralmente gratuita.","sinopse":"Sinopse da Obra Com a curadoria de Terezadequinta, mulher, artista visual, cearense, a exposi\u00e7\u00e3o Arte Delas apresenta ao p\u00fablico de Fortaleza 15 obras constru\u00eddas coletivamente por artistas mulheres, profissionais e iniciantes, ao longo de 30 dias. Ofertada de forma integralmente gratuita, a exposi\u00e7\u00e3o pretende envolver 1000 pessoas.","tipicidade":"Projetos Normais","tipologia":"Projetos normais","enquadradmento":"Artigo 18","mecanisnmo":"Mecenato","UF":"CE","municipio":"Fortaleza","segmento":"Exposi\u00e7\u00e3o Cultural \/ Art\u00edstica","data_inicio":"2025-01-06","data_termino":"2025-12-30","outras_fontes":".0000","proponente":"EDITORA VERDES MARES LTDA","ano_projeto":"24","local_realizacao":[{"municipio_ibge":"230440","municipio":"Fortaleza","uf":"Cear\u00e1","sigla_uf":"CE","pais":"Brasil"}],"valor_solicitado":199599.75,"valor_aprovado":199599.75,"valor_projeto":199599.75,"valor_captado":64250,"valor_proposta":199599.75,"_links":{"self":"http:\/\/api.salic.cultura.gov.br\/api\/v1\/projetos","fornecedores":"https:\/\/api.salic.cultura.gov.br\/api\/v1\/fornecedores?PRONAC=2410301","incentivadores":"https:\/\/api.salic.cultura.gov.br\/api\/v1\/incentivadores?incentivador_id=2410301","proponente":"https:\/\/api.salic.cultura.gov.br\/api\/v1\/proponentes\/e1ce107b8669c494c3c93364c09fc3fecedd784d261249aa81f9f4c0532c"}}]},"_links":{"self":"http:\/\/api.salic.cultura.gov.br\/api\/v1\/projetos","first":"https:\/\/api.salic.cultura.gov.br\/api\/v1\/projetos?PRONAC=2410301&limit=100&offset=0","last":"https:\/\/api.salic.cultura.gov.br\/api\/v1\/projetos?PRONAC=2410301&limit=100&offset=0"},"count":1,"total":1}